{"id":20375,"date":"2018-12-26T15:03:40","date_gmt":"2018-12-26T17:03:40","guid":{"rendered":"http:\/\/172.16.0.7\/site-antigo\/?p=20375"},"modified":"2024-10-08T09:17:25","modified_gmt":"2024-10-08T12:17:25","slug":"beto-preto-sanciona-orcamento-de-2019","status":"publish","type":"post","link":"http:\/\/www.apucarana.pr.gov.br\/site\/beto-preto-sanciona-orcamento-de-2019\/","title":{"rendered":"Beto Preto sanciona or\u00e7amento de 2019"},"content":{"rendered":"<p>Com a presen\u00e7a do vereador Franciley \u201cPoim\u201d de Godoi e membros da diretoria da Associa\u00e7\u00e3o Comercial, Industrial e de Servi\u00e7os de Apucarana (Acia), o prefeito Beto Preto (PSD) sancionou nesta quarta-feira (26\/12) a Lei Or\u00e7ament\u00e1ria Anual (LOA) para o pr\u00f3ximo exerc\u00edcio. Aprovada pelos vereadores, o montante estimado para 2019 &#8211; R$372.703.049,05 &#8211; \u00e9 6,4% maior do que o or\u00e7amento de 2018, que deve fechar em R$350.286.410,32. \u201cQuero agradecer a toda equipe t\u00e9cnica da Secretaria Municipal da Fazenda pelo trabalho e aos vereadores, que analisaram a proposta de lei em audi\u00eancias p\u00fablicas, ouviram a popula\u00e7\u00e3o e aprovaram a legisla\u00e7\u00e3o, t\u00e3o importante para a condu\u00e7\u00e3o da m\u00e1quina p\u00fablica\u201d, assinalou Beto Preto.<br \/>\nAo sancionar a lei, o prefeito destacou a evolu\u00e7\u00e3o da receita das contas p\u00fablicas municipais ao longo do seu mandato. \u201cAssumi uma prefeitura com or\u00e7amento muito aqu\u00e9m do ideal para uma cidade do porte de Apucarana e, nestes \u00faltimos seis anos, atuamos com responsabilidade fiscal para fazer o melhor pelo munic\u00edpio, praticamente dobrando as receitas em rela\u00e7\u00e3o ao quadro recebido\u201d, acentuou Beto Preto. Ele informa que as receitas saltaram de R$193.785.881,69 em 2013, para uma previs\u00e3o de R$372.703.049,05 em 2019.<br \/>\nCom rela\u00e7\u00e3o \u00e0s estimativas das principais receitas e despesas para o pr\u00f3ximo ano, a Lei Or\u00e7ament\u00e1ria Anual sancionada revela que em 2019, pelo menos R$24 milh\u00f5es ser\u00e3o destinados ao pagamento de precat\u00f3rios e amortiza\u00e7\u00e3o da d\u00edvida p\u00fablica. J\u00e1 no tocante \u00e0 aplica\u00e7\u00e3o dos \u00edndices constitucionais, a divis\u00e3o do or\u00e7amento total apresenta a seguinte previs\u00e3o: R$92.112.814,00 (24,71%) ser\u00e3o absorvidos pela Educa\u00e7\u00e3o, R$129.298.970,00 (34,69%) pela Sa\u00fade, R$129.279.224,40 (34,69%) pelas demais secretarias e R$10.007.025,25 (2,68%) pela Assist\u00eancia Social.<br \/>\nOutros R$19 milh\u00f5es ser\u00e3o absorvidos por obras e aquisi\u00e7\u00e3o de novos equipamentos para a prefeitura e \u00f3rg\u00e3os centralizados, autarquias de Sa\u00fade e Educa\u00e7\u00e3o e para o Instituto de Desenvolvimento, Pesquisa e Planejamento de Apucarana (Idepplan). O duod\u00e9cimo a ser repassado \u00e0 C\u00e2mara de Vereadores em 2019 ser\u00e1 7,98% maior que em rela\u00e7\u00e3o a este ano, chegando a R$12.005.015,40.<br \/>\nA LOA apresenta compatibilidade com a lei de diretrizes or\u00e7ament\u00e1rias (LDO) e com o plano plurianual (PPA), compreendendo detalhadamente uma previs\u00e3o dos or\u00e7amentos fiscal, da seguridade social e de investimentos com todos os programas, projetos, atividades e opera\u00e7\u00f5es especiais da administra\u00e7\u00e3o p\u00fablica municipal.<br \/>\nHist\u00f3rico da evolu\u00e7\u00e3o da receita<br \/>\nExerc\u00edcio                   Valor                           \t\t% aumento<br \/>\n2015\t\t\tR$ 254.125.211,00       \t\t7,04%<br \/>\n2016 \t\t\tR$ 292.617.847,78 \t\t\t15,15%<br \/>\n2017 \t\t\tR$ 310.691.199,85 \t\t\t6,18%<br \/>\n2018 (previs\u00e3o) \tR$ 350.286.410,32\t\t\t12,74%<br \/>\n2019 (previs\u00e3o)\t        R$ 372.703.049,05  \t\t\t6,4%<br \/>\nHist\u00f3rico da evolu\u00e7\u00e3o da despesa<br \/>\nExerc\u00edcio \t\tRealizada\/Empenhada \t\tPercentual<br \/>\n2015 \t\t\tR$ 260.404.438,85 \t\t\t10,9%<br \/>\n2016 \t\t\tR$ 306.423.287,78 \t\t\t17,6%<br \/>\n2017 \t\t\tR$ 302.077.090,03 \t\t\t-1,42%<br \/>\n2018 (Fixada) \t\tR$ 350.286.410,32 \t\t\t15,9%<br \/>\n2019 (Fixada) \t\tR$ 372.703.049,05 \t\t\t6,4%<br \/>\nEstimativas das principais receitas em 2019<br \/>\nReceitas \t\t\t\tEstimativa<br \/>\nIPTU \t\t\t\t\tR$ 17.000.000,00*<br \/>\nIMPOSTO DE RENDA \t   \t        R$ 12.421.271,00<br \/>\nITBI \t\t\t\t\tR$ 6.325.000,00<br \/>\nISSQN \t\t\t\t        R$ 24.632.570,00<br \/>\nFPM \t\t\t\t\tR$ 59.000.000,00<br \/>\nICMS \t\t\t\t\tR$ 54.010.293,00<br \/>\nIPVA \t\t\t\t\tR$ 19.859.033,00<br \/>\nFUNDEB \t\t\t\t        R$ 56.871.729,00<br \/>\nTRANSFER\u00caNCIA SA\u00daDE \t                R$ 88.022.470,00<br \/>\n*(70% do valor lan\u00e7ado)<br \/>\nClique e ou\u00e7a a manifesta\u00e7\u00e3o do prefeito Beto Preto<br \/>\nhttps:\/\/soundcloud.com\/prefeitura-municipal-apucarana\/beto-preto-orcamento-2019-27-12-18<\/p>\n","protected":false},"excerpt":{"rendered":"<p>Ao sancionar a lei, o prefeito destacou a evolu\u00e7\u00e3o da receita ao longo do seu mandato. As receitas saltaram de R$193.785.881,69 em 2013, para uma previs\u00e3o de R$372.703.049,05 em 2019 (Foto: Andr\u00e9 Veronez<\/p>\n","protected":false},"author":4,"featured_media":20376,"comment_status":"closed","ping_status":"open","sticky":false,"template":"","format":"standard","meta":{"footnotes":""},"categories":[24],"tags":[],"class_list":["post-20375","post","type-post","status-publish","format-standard","has-post-thumbnail","hentry","category-noticias"],"acf":[],"_links":{"self":[{"href":"http:\/\/www.apucarana.pr.gov.br\/site\/wp-json\/wp\/v2\/posts\/20375","targetHints":{"allow":["GET"]}}],"collection":[{"href":"http:\/\/www.apucarana.pr.gov.br\/site\/wp-json\/wp\/v2\/posts"}],"about":[{"href":"http:\/\/www.apucarana.pr.gov.br\/site\/wp-json\/wp\/v2\/types\/post"}],"author":[{"embeddable":true,"href":"http:\/\/www.apucarana.pr.gov.br\/site\/wp-json\/wp\/v2\/users\/4"}],"replies":[{"embeddable":true,"href":"http:\/\/www.apucarana.pr.gov.br\/site\/wp-json\/wp\/v2\/comments?post=20375"}],"version-history":[{"count":1,"href":"http:\/\/www.apucarana.pr.gov.br\/site\/wp-json\/wp\/v2\/posts\/20375\/revisions"}],"predecessor-version":[{"id":100838,"href":"http:\/\/www.apucarana.pr.gov.br\/site\/wp-json\/wp\/v2\/posts\/20375\/revisions\/100838"}],"wp:featuredmedia":[{"embeddable":true,"href":"http:\/\/www.apucarana.pr.gov.br\/site\/wp-json\/"}],"wp:attachment":[{"href":"http:\/\/www.apucarana.pr.gov.br\/site\/wp-json\/wp\/v2\/media?parent=20375"}],"wp:term":[{"taxonomy":"category","embeddable":true,"href":"http:\/\/www.apucarana.pr.gov.br\/site\/wp-json\/wp\/v2\/categories?post=20375"},{"taxonomy":"post_tag","embeddable":true,"href":"http:\/\/www.apucarana.pr.gov.br\/site\/wp-json\/wp\/v2\/tags?post=20375"}],"curies":[{"name":"wp","href":"https:\/\/api.w.org\/{rel}","templated":true}]}}