{"id":20361,"date":"2018-12-26T14:51:36","date_gmt":"2018-12-26T16:51:36","guid":{"rendered":"http:\/\/172.16.0.7\/site-antigo\/?p=20361"},"modified":"2024-10-08T09:17:25","modified_gmt":"2024-10-08T12:17:25","slug":"apucarana-adquire-mais-10-veiculos-zero-quilometro","status":"publish","type":"post","link":"http:\/\/www.apucarana.pr.gov.br\/site\/apucarana-adquire-mais-10-veiculos-zero-quilometro\/","title":{"rendered":"Apucarana adquire mais 10 ve\u00edculos zero-quil\u00f4metro"},"content":{"rendered":"<p>O prefeito de Apucarana, Beto Preto, entregou nesta quarta-feira (26\/12) quatro ve\u00edculos novos e ainda assinou a autoriza\u00e7\u00e3o para a compra de mais seis. O valor total do investimento \u00e9 de R$ 1 milh\u00e3o e 519 mil, com recursos municipais e de conv\u00eanios com os governos estadual e federal. Os ve\u00edculos s\u00e3o destinados \u00e0s \u00e1reas de meio ambiente, esporte, educa\u00e7\u00e3o, assist\u00eancia social e servi\u00e7os funer\u00e1rios.<br \/>\nNo ato ocorrido em frente ao pr\u00e9dio da C\u00e2mara de Vereadores, Beto Preto entregou as chaves de uma picape Montana adaptada para a Autarquia Municipal de Servi\u00e7os Funer\u00e1rios (Aserfa), no valor de R$ 82 mil. Atrav\u00e9s de conv\u00eanio com o governo do Estado, o prefeito entregou tamb\u00e9m uma van para a Secretaria Municipal de Esportes e Lazer, no valor de R$ 170 mil, um gol para a Secretaria de Assist\u00eancia Social (R$ 42 mil) e repassou um Ford Ka para o Lar Sagrada Fam\u00edlia (R$ 52 mil).<br \/>\n Beto Preto, que estava acompanhado do vice Junior da Femac, tamb\u00e9m assinou contratos que autorizam a aquisi\u00e7\u00e3o de dois caminh\u00f5es ba\u00fa (Ford Cargo) e de um ve\u00edculo Volkswagen Fox. O investimento \u00e9 de R$ 494 mil, com recursos provenientes do Fundo Municipal de Meio Ambiente. \u201cEstamos seguindo orienta\u00e7\u00e3o do Minist\u00e9rio P\u00fablico e elaboramos um plano de trabalho, que tamb\u00e9m foi aprovado pelo Conselho Municipal de Meio Ambiente, para aplicar os recursos do fundo. Os ve\u00edculos s\u00e3o destinados para a Secretaria de Meio Ambiente, sendo que os caminh\u00f5es ser\u00e3o utilizados no servi\u00e7o de coleta seletiva do lixo\u201d, pontua Beto Preto.<br \/>\nA concession\u00e1ria vencedora do processo licitat\u00f3rio tem 30 dias para entregar o Volkswagen Fox, enquanto a empresa que fornecer\u00e1 os caminh\u00f5es tem 90 dias. \u201cNeste caso o prazo \u00e9 maior, pois ser\u00e1 necess\u00e1rio fazer a montagem do ba\u00fa, adequando o ve\u00edculo ao servi\u00e7o de coleta seletiva\u201d, observa Beto Preto.<br \/>\nO prefeito de Apucarana autorizou ainda a compra de tr\u00eas \u00f4nibus escolares rurais, atrav\u00e9s de um conv\u00eanio entre a Autarquia Municipal de Educa\u00e7\u00e3o e o Fundo Nacional de Desenvolvimento Escolar (FNDE). \u201cTrata-se de uma emenda do deputado federal S\u00e9rgio Souza, no valor de R$ 679 mil. Cada um dos \u00f4nibus t\u00eam capacidade para 44 estudantes sentados e conta com acessibilidade para alunos com defici\u00eancia e mobilidade reduzida\u201d, frisa.<br \/>\nAs chaves foram entregues aos secret\u00e1rios de cada setor beneficiado. O ve\u00edculo repassado ao Lar Sagrada Fam\u00edlia foi recebido pelo presidente da entidade, Maur\u00edcio de Paula. \u201cQuero agradecer ao excelente trabalho que as entidades realizam, um servi\u00e7o volunt\u00e1rio que faz acontecer a assist\u00eancia social em Apucarana\u201d, destaca Beto Preto.<br \/>\nAo entregar as chaves do ve\u00edculo da Aserfa, o prefeito afirmou que at\u00e9 o final deste ano dever\u00e1 assinar a autoriza\u00e7\u00e3o para a constru\u00e7\u00e3o do novo cemit\u00e9rio, que ser\u00e1 implantado na Gleba Barra Nova (ao lado do cemit\u00e9rio ucraniano). J\u00e1 o ve\u00edculo para a Secretaria de Esportes atende a principal demanda da pasta, que \u00e9 o transporte de atletas e adolescentes. O carro destinado \u00e0 Assist\u00eancia Social dinamizar\u00e1 os trabalhos do Centro Especializado de Assist\u00eancia Social (Creas), especialmente os relacionados ao cumprimento de medidas s\u00f3cio-educativas.<br \/>\nClique e ou\u00e7a esta mat\u00e9ria<br \/>\nMaur\u00edcio de Paula- presidente do Lar Sagrada Fam\u00edlia<br \/>\nhttps:\/\/soundcloud.com\/prefeitura-municipal-apucarana\/mauricio-de-paula-veiculo-lar-sagrada-familia-26-12-18<br \/>\nBeto Preto- prefeito Apucarana<br \/>\nhttps:\/\/soundcloud.com\/prefeitura-municipal-apucarana\/beto-preto-carros-e-caminhoes-26-12-18<\/p>\n","protected":false},"excerpt":{"rendered":"<p>Investimento \u00e9 de R$ 1,5 milh\u00e3o e vai dinamizar servi\u00e7os em diversas \u00e1reas (Foto: Edson Denobi)<\/p>\n","protected":false},"author":4,"featured_media":20365,"comment_status":"closed","ping_status":"open","sticky":false,"template":"","format":"standard","meta":{"footnotes":""},"categories":[24],"tags":[],"class_list":["post-20361","post","type-post","status-publish","format-standard","has-post-thumbnail","hentry","category-noticias"],"acf":[],"_links":{"self":[{"href":"http:\/\/www.apucarana.pr.gov.br\/site\/wp-json\/wp\/v2\/posts\/20361","targetHints":{"allow":["GET"]}}],"collection":[{"href":"http:\/\/www.apucarana.pr.gov.br\/site\/wp-json\/wp\/v2\/posts"}],"about":[{"href":"http:\/\/www.apucarana.pr.gov.br\/site\/wp-json\/wp\/v2\/types\/post"}],"author":[{"embeddable":true,"href":"http:\/\/www.apucarana.pr.gov.br\/site\/wp-json\/wp\/v2\/users\/4"}],"replies":[{"embeddable":true,"href":"http:\/\/www.apucarana.pr.gov.br\/site\/wp-json\/wp\/v2\/comments?post=20361"}],"version-history":[{"count":1,"href":"http:\/\/www.apucarana.pr.gov.br\/site\/wp-json\/wp\/v2\/posts\/20361\/revisions"}],"predecessor-version":[{"id":100839,"href":"http:\/\/www.apucarana.pr.gov.br\/site\/wp-json\/wp\/v2\/posts\/20361\/revisions\/100839"}],"wp:featuredmedia":[{"embeddable":true,"href":"http:\/\/www.apucarana.pr.gov.br\/site\/wp-json\/"}],"wp:attachment":[{"href":"http:\/\/www.apucarana.pr.gov.br\/site\/wp-json\/wp\/v2\/media?parent=20361"}],"wp:term":[{"taxonomy":"category","embeddable":true,"href":"http:\/\/www.apucarana.pr.gov.br\/site\/wp-json\/wp\/v2\/categories?post=20361"},{"taxonomy":"post_tag","embeddable":true,"href":"http:\/\/www.apucarana.pr.gov.br\/site\/wp-json\/wp\/v2\/tags?post=20361"}],"curies":[{"name":"wp","href":"https:\/\/api.w.org\/{rel}","templated":true}]}}