{"id":20349,"date":"2018-12-26T11:02:26","date_gmt":"2018-12-26T13:02:26","guid":{"rendered":"http:\/\/172.16.0.7\/site-antigo\/?p=20349"},"modified":"2024-10-08T09:17:26","modified_gmt":"2024-10-08T12:17:26","slug":"prefeitura-pede-a-reabertura-de-acesso-do-jardim-curitiba-a-br-376","status":"publish","type":"post","link":"http:\/\/www.apucarana.pr.gov.br\/site\/prefeitura-pede-a-reabertura-de-acesso-do-jardim-curitiba-a-br-376\/","title":{"rendered":"Prefeitura pede a reabertura de  acesso do Jardim Curitiba \u00e0 BR-376"},"content":{"rendered":"<p class=\"m_-7214875639789959770gmail-Default\">Em reuni\u00e3o convocada pela Prefeitura de Apucarana, na manh\u00e3 de segunda-feira (24), o prefeito Beto Preto e seu vice, Junior da Femac, discutiram com moradores do Jardim Curitiba e engenheiros do Departamento de Estradas de Rodagem (DER), a quest\u00e3o do acesso do Jardim Apucarana \u00e0 BR-376, na altura da trincheira constru\u00edda junto ao 30\u00ba BIMEC.<\/p>\n<p class=\"m_-7214875639789959770gmail-Default\">Da reuni\u00e3o participaram o prefeito Beto Preto; o vice-prefeito Junior da Femac; o secret\u00e1rio de governo La\u00e9rcio de Morais; o presidente da Associa\u00e7\u00e3o de Moradores do Jardim Curitiba, Luiz Fernandes Neves; Tarc\u00edzio Bertasso, representante da comunidade; engenheiro Emerson Coelho, do Departamento de Estradas de Rodagem (DER); e S\u00e9rvio Yamaho, do DER. A concession\u00e1ria CCR-Rodonorte, apesar de convocada n\u00e3o enviou representante para participar da reuni\u00e3o.<\/p>\n<p class=\"m_-7214875639789959770gmail-Default\">No encontro, as partes envolvidas trataram da dificuldade de acesso da comunidade do Jardim Curitiba e moradores rurais da regi\u00e3o, tendo em vista que, atualmente, precisam fazer um percurso de doze quil\u00f4metros para acessar a rodovia. \u201cPara se dirigir ao centro de Apucarana, n\u00f3s est\u00e1vamos utilizando uma via secund\u00e1ria alternativa para acessar a rodovia, mas a liga\u00e7\u00e3o com a trincheira, junto ao 30\u00ba BIMEC acabou sendo fechada pela Rodonorte\u201d, lamentou o Luiz Neves, presidente da Associa\u00e7\u00e3o de Moradores do Jardim Curitiba.<\/p>\n<p class=\"m_-7214875639789959770gmail-Default\">O prefeito Beto Preto e o vice Junior da Femac reiteraram a necessidade urgente de uma solu\u00e7\u00e3o \u2013 mesmo que provis\u00f3ria &#8211; para atender os moradores do Jardim Curitiba. Ambos argumentaram que \u00e9 indispens\u00e1vel retomar a seguran\u00e7a, com a reabertura do acesso provis\u00f3rio, em trecho de estrada secund\u00e1ria (leito da futura avenida marginal), atrav\u00e9s do qual \u00e9 poss\u00edvel acessar a trincheira de retorno constru\u00edda junto ao quartel do 30\u00ba BIMEC.<\/p>\n<p class=\"m_-7214875639789959770gmail-Default\">Ainda na reuni\u00e3o, o prefeito Beto Preto junto com a Associa\u00e7\u00e3o de Moradores do bairro se comprometeram a adotarem provid\u00eancias, no sentido de evitar que os moradores do Jardim Curitiba trafeguem na contram\u00e3o, no acostamento da rodovia.<\/p>\n<p class=\"m_-7214875639789959770gmail-Default\">O representante do DER, engenheiro Emerson Coelho, explicou que a quest\u00e3o de seguran\u00e7a da rodovia \u00e9 de responsabilidade da Rodonorte, que decidiu fechar o acesso \u00e0 trincheira, devido \u00e0s pessoas que estavam trafegando na contram\u00e3o da rodovia. \u201cAp\u00f3s notifica\u00e7\u00e3o do Minist\u00e9rio P\u00fablico Federal, a CCR-Rodonorte se comprometeu a entregar at\u00e9 o pr\u00f3ximo dia sete de janeiro o projeto definitivo das vias marginais neste trecho duplicado da BR-376\u201d, revelou o engenheiro Emerson Coelho.<\/p>\n<p class=\"m_-7214875639789959770gmail-Default\">O presidente da Associa\u00e7\u00e3o dos Moradores do Jardim Curitiba, Luiz Fernando Neves, disse que os moradores do bairro est\u00e3o indignados com a injusti\u00e7a da qual est\u00e3o sendo v\u00edtimas, dificultando o acesso \u00e0 rodovia, causando preju\u00edzo econ\u00f4micos com a necessidade de trafegar num trecho bem maior para ter acesso a Apucarana, al\u00e9m dos transtornos com maior demanda de tempo.<\/p>\n<p class=\"m_-7214875639789959770gmail-Default\">No encontro ficou encaminhado em comum acordo, que ser\u00e1 solicitada a retirada da defensa instalada no local pela Rodonorte, permitido desta forma o acesso por meio de estrada secund\u00e1ria \u00e0 trincheira, junto ao 30\u00ba BIMEC. Ao mesmo tempo, o prefeito Beto Preto se prop\u00f4s a colocar oper\u00e1rios e m\u00e1quinas \u00e0 disposi\u00e7\u00e3o para aplica\u00e7\u00e3o de fresa (res\u00edduos descartados na recupera\u00e7\u00e3o de rodovias) ou cascalho na referida via secund\u00e1ria, com o objetivo de n\u00e3o levar lama para o pavimento.<\/p>\n<p class=\"m_-7214875639789959770gmail-Default\">Ao final da reuni\u00e3o, houve um consenso entre os participantes de que essa alternativa de acesso \u00e9 a mais adequada, at\u00e9 por que, com o seu fechamento, a situa\u00e7\u00e3o de risco de acidentes \u00e9 bem maior. \u201cEsperamos ter a compreens\u00e3o e ajuda da Rodonorte, para a reabertura desta via alternativa de acesso \u00e0 BR-376\u201d, enfatizou Beto Preto.<\/p>\n","protected":false},"excerpt":{"rendered":"<p>Beto Preto e o vice Junior da Femac estiveram reunidos com moradores do bairro e engenheiro do DER.<\/p>\n","protected":false},"author":4,"featured_media":20351,"comment_status":"closed","ping_status":"open","sticky":false,"template":"","format":"standard","meta":{"footnotes":""},"categories":[24],"tags":[],"class_list":["post-20349","post","type-post","status-publish","format-standard","has-post-thumbnail","hentry","category-noticias"],"acf":[],"_links":{"self":[{"href":"http:\/\/www.apucarana.pr.gov.br\/site\/wp-json\/wp\/v2\/posts\/20349","targetHints":{"allow":["GET"]}}],"collection":[{"href":"http:\/\/www.apucarana.pr.gov.br\/site\/wp-json\/wp\/v2\/posts"}],"about":[{"href":"http:\/\/www.apucarana.pr.gov.br\/site\/wp-json\/wp\/v2\/types\/post"}],"author":[{"embeddable":true,"href":"http:\/\/www.apucarana.pr.gov.br\/site\/wp-json\/wp\/v2\/users\/4"}],"replies":[{"embeddable":true,"href":"http:\/\/www.apucarana.pr.gov.br\/site\/wp-json\/wp\/v2\/comments?post=20349"}],"version-history":[{"count":1,"href":"http:\/\/www.apucarana.pr.gov.br\/site\/wp-json\/wp\/v2\/posts\/20349\/revisions"}],"predecessor-version":[{"id":100840,"href":"http:\/\/www.apucarana.pr.gov.br\/site\/wp-json\/wp\/v2\/posts\/20349\/revisions\/100840"}],"wp:featuredmedia":[{"embeddable":true,"href":"http:\/\/www.apucarana.pr.gov.br\/site\/wp-json\/"}],"wp:attachment":[{"href":"http:\/\/www.apucarana.pr.gov.br\/site\/wp-json\/wp\/v2\/media?parent=20349"}],"wp:term":[{"taxonomy":"category","embeddable":true,"href":"http:\/\/www.apucarana.pr.gov.br\/site\/wp-json\/wp\/v2\/categories?post=20349"},{"taxonomy":"post_tag","embeddable":true,"href":"http:\/\/www.apucarana.pr.gov.br\/site\/wp-json\/wp\/v2\/tags?post=20349"}],"curies":[{"name":"wp","href":"https:\/\/api.w.org\/{rel}","templated":true}]}}