{"id":20340,"date":"2018-12-22T13:07:37","date_gmt":"2018-12-22T15:07:37","guid":{"rendered":"http:\/\/172.16.0.7\/site-antigo\/?p=20340"},"modified":"2024-10-08T09:17:26","modified_gmt":"2024-10-08T12:17:26","slug":"autorizado-recape-de-mais-tres-trechos-de-asfalto","status":"publish","type":"post","link":"http:\/\/www.apucarana.pr.gov.br\/site\/autorizado-recape-de-mais-tres-trechos-de-asfalto\/","title":{"rendered":"Autorizado recape de mais tr\u00eas trechos de asfalto"},"content":{"rendered":"<p>O prefeito Beto Preto anunciou ontem (sexta-feira &#8211; 21\/12) em reuni\u00e3o mantida com o secret\u00e1rio de obras, engenheiro Herivelto Moreno, a execu\u00e7\u00e3o de mais tr\u00eas trechos de recape asf\u00e1ltico. O principal deles ir\u00e1 contemplar a Rua Munhoz da Rocha, importante via urbana que interliga a Avenida Minas Gerais com a Avenida Governador Roberto da Silveira, passando pela \u00e1rea central de Apucarana.<br \/>\nConforme anunciou o  prefeito, o trecho que ter\u00e1 uma nova capa asfaltica, vai da Rua Os\u00f3rio Ribas de Paula at\u00e9 a Rua S\u00e3o Jer\u00f4nimo, na Barra Funda. &#8220;Trata-se de uma sobra de recursos de conv\u00eanio com o Paran\u00e1 Urbano, que tinha como valor total cerca de R$ 6 milh\u00f5es. Ap\u00f3s o cumprimento de todo o cronograma previsto no contrato, restaram R$ 258 mil e com mais uma contrapartida do Munic\u00edpio, poderemos viabilizar o recape da Munhoz da Rocha&#8221;, explicou Beto Preto, que autorizou a abertura imediata de licita\u00e7\u00e3o para execu\u00e7\u00e3o do recape.<br \/>\nOutros dois trechos de recape ser\u00e3o executados no distrito de Pirap\u00f3, mediante emendas de autoria dos deputados Luiz Cl\u00e1udio Romanelli e Guto Silva. &#8220;As emendas foram conquistas pelo trabalho do vereador Francislei de Godoi Poim&#8221;, assinala Beto Preto.<br \/>\nCom a libera\u00e7\u00e3o de R$ 315 mil pelo deputado Romanelli, mais contrapartida da prefeitura, ser\u00e1 executado o recape das ruas Ces\u00e1rio Festi e C\u00e9zar Benetatti, al\u00e9m de um trecho da estrada velha do Pirap\u00f3, com a aplica\u00e7\u00e3o de massa asfaltica sobre o cal\u00e7amento com pedras irregulares.<br \/>\nAinda no Pirap\u00f3, com recursos liberados pelo deputado Guto Silva e contrapartida do Munic\u00edpio, ser\u00e1 executado o recape das ruas no entorno da igreja da Par\u00f3quia Santo Ant\u00f4nio de P\u00e1dua. Ser\u00e3o recapeados trechos de asfalto e de paralelep\u00edpedos, com investimentos de aproximadamente R$ 280 mil.<br \/>\nA autoriza\u00e7\u00e3o de licita\u00e7\u00e3o das tr\u00eas obras, que somam mais de R$ 700 mil, tamb\u00e9m foi acompanhada pela irm\u00e3 Geovana Ramos, diretora do Hospital da Provid\u00eancia, que visitava o prefeito Beto Preto em seu gabinete.<\/p>\n","protected":false},"excerpt":{"rendered":"<p>O principal deles contempla a Rua Munhoz da Rocha, na \u00e1rea central e barra funda (Foto: Profeta)<\/p>\n","protected":false},"author":4,"featured_media":20343,"comment_status":"closed","ping_status":"open","sticky":false,"template":"","format":"standard","meta":{"footnotes":""},"categories":[24],"tags":[],"class_list":["post-20340","post","type-post","status-publish","format-standard","has-post-thumbnail","hentry","category-noticias"],"acf":[],"_links":{"self":[{"href":"http:\/\/www.apucarana.pr.gov.br\/site\/wp-json\/wp\/v2\/posts\/20340","targetHints":{"allow":["GET"]}}],"collection":[{"href":"http:\/\/www.apucarana.pr.gov.br\/site\/wp-json\/wp\/v2\/posts"}],"about":[{"href":"http:\/\/www.apucarana.pr.gov.br\/site\/wp-json\/wp\/v2\/types\/post"}],"author":[{"embeddable":true,"href":"http:\/\/www.apucarana.pr.gov.br\/site\/wp-json\/wp\/v2\/users\/4"}],"replies":[{"embeddable":true,"href":"http:\/\/www.apucarana.pr.gov.br\/site\/wp-json\/wp\/v2\/comments?post=20340"}],"version-history":[{"count":1,"href":"http:\/\/www.apucarana.pr.gov.br\/site\/wp-json\/wp\/v2\/posts\/20340\/revisions"}],"predecessor-version":[{"id":100841,"href":"http:\/\/www.apucarana.pr.gov.br\/site\/wp-json\/wp\/v2\/posts\/20340\/revisions\/100841"}],"wp:featuredmedia":[{"embeddable":true,"href":"http:\/\/www.apucarana.pr.gov.br\/site\/wp-json\/"}],"wp:attachment":[{"href":"http:\/\/www.apucarana.pr.gov.br\/site\/wp-json\/wp\/v2\/media?parent=20340"}],"wp:term":[{"taxonomy":"category","embeddable":true,"href":"http:\/\/www.apucarana.pr.gov.br\/site\/wp-json\/wp\/v2\/categories?post=20340"},{"taxonomy":"post_tag","embeddable":true,"href":"http:\/\/www.apucarana.pr.gov.br\/site\/wp-json\/wp\/v2\/tags?post=20340"}],"curies":[{"name":"wp","href":"https:\/\/api.w.org\/{rel}","templated":true}]}}