{"id":20315,"date":"2018-12-21T17:38:47","date_gmt":"2018-12-21T19:38:47","guid":{"rendered":"http:\/\/172.16.0.7\/site-antigo\/?p=20315"},"modified":"2024-10-08T09:17:26","modified_gmt":"2024-10-08T12:17:26","slug":"prefeitura-regulariza-pendencia-de-30-anos-com-igreja-batista","status":"publish","type":"post","link":"http:\/\/www.apucarana.pr.gov.br\/site\/prefeitura-regulariza-pendencia-de-30-anos-com-igreja-batista\/","title":{"rendered":"Prefeitura regulariza pend\u00eancia de 30 anos com Igreja Batista"},"content":{"rendered":"<p>A 1\u00aa Igreja Batista de Apucarana, primeira de denomina\u00e7\u00e3o evang\u00e9lica a se instalar em Apucarana h\u00e1 70 anos, teve uma pend\u00eancia fundi\u00e1ria de tr\u00eas d\u00e9cadas com a prefeitura resolvida nesta sexta-feira (21\/12) pelo prefeito Beto Preto (PSD). Em 1988, de forma equivocada, o Munic\u00edpio edificou a unidade b\u00e1sica de sa\u00fade (UBS) do N\u00facleo Habitacional Papa Jo\u00e3o Paulo I em terreno de 500 metros quadrados pertencente \u00e0 igreja.<br \/>\n\u201cPor todos estes anos nada havia sido feito para solucionar tamanha injusti\u00e7a. Ato que realizamos agora atrav\u00e9s da Lei Municipal n\u00ba 039\/2018, aprovada por unanimidade e em tr\u00eas sess\u00f5es pelos vereadores. Uma a\u00e7\u00e3o que, na pr\u00e1tica paga, uma d\u00edvida hist\u00f3rica da prefeitura com a igreja. Nosso pedido de desculpas em nome do Munic\u00edpio\u201d, disse Beto Preto.<br \/>\nUma nova \u00e1rea de 450 metros quadrados na Rua Rio Congonhas, na mesma quadra do terreno antigo, foi repassada \u00e0 1\u00aa Igreja Batista de Apucarana. O pastor presidente da entidade, Vilson Scholl, destacou a boa vontade da atual administra\u00e7\u00e3o. \u201cAgrade\u00e7o ao prefeito Beto Preto, aos vereadores e, em especial ao vereador Lucas Leugi (REDE) que foi quem levou a demanda para a C\u00e2mara\u201d, revelou o pastor. De acordo com ele, a igreja planeja construir uma casa pastoral no terreno. \u201cAinda \u00e9 uma ideia, mas como n\u00e3o temos uma casa pastoral, h\u00e1 grandes chances de se tornar uma realidade\u201d, informou.<br \/>\nA quadra onde foi edificada a UBS vai receber investimentos por parte da prefeitura. Segundo o prefeito Beto Preto, al\u00e9m de reformas e amplia\u00e7\u00f5es da unidade b\u00e1sica de sa\u00fade e do centro municipal de educa\u00e7\u00e3o infantil (CMEI), a administra\u00e7\u00e3o vai realizar o aprimoramento dos equipamentos coletivos. \u201cNesta \u00e1rea institucional vamos construir uma pra\u00e7a, uma \u00e1rea com pista de caminhada e espa\u00e7o para apresenta\u00e7\u00f5es art\u00edsticas, culturais e religiosas, tipo coreto\u201d, comunicou Beto Preto.<br \/>\nO ato de assinatura da cess\u00e3o do novo terreno tamb\u00e9m foi acompanhado por Nilson Moreira, assessora parlamentar do vereador Lucas Leugi (REDE).<\/p>\n","protected":false},"excerpt":{"rendered":"<p>Em 1988, de forma equivocada, o Munic\u00edpio edificou a unidade b\u00e1sica de sa\u00fade (UBS) do N\u00facleo Habitacional Papa Jo\u00e3o Paulo I em terreno de 500 metros quadrados pertencente \u00e0 igreja (Foto: Profeta)<\/p>\n","protected":false},"author":4,"featured_media":20317,"comment_status":"closed","ping_status":"open","sticky":false,"template":"","format":"standard","meta":{"footnotes":""},"categories":[24],"tags":[],"class_list":["post-20315","post","type-post","status-publish","format-standard","has-post-thumbnail","hentry","category-noticias"],"acf":[],"_links":{"self":[{"href":"http:\/\/www.apucarana.pr.gov.br\/site\/wp-json\/wp\/v2\/posts\/20315","targetHints":{"allow":["GET"]}}],"collection":[{"href":"http:\/\/www.apucarana.pr.gov.br\/site\/wp-json\/wp\/v2\/posts"}],"about":[{"href":"http:\/\/www.apucarana.pr.gov.br\/site\/wp-json\/wp\/v2\/types\/post"}],"author":[{"embeddable":true,"href":"http:\/\/www.apucarana.pr.gov.br\/site\/wp-json\/wp\/v2\/users\/4"}],"replies":[{"embeddable":true,"href":"http:\/\/www.apucarana.pr.gov.br\/site\/wp-json\/wp\/v2\/comments?post=20315"}],"version-history":[{"count":1,"href":"http:\/\/www.apucarana.pr.gov.br\/site\/wp-json\/wp\/v2\/posts\/20315\/revisions"}],"predecessor-version":[{"id":100843,"href":"http:\/\/www.apucarana.pr.gov.br\/site\/wp-json\/wp\/v2\/posts\/20315\/revisions\/100843"}],"wp:featuredmedia":[{"embeddable":true,"href":"http:\/\/www.apucarana.pr.gov.br\/site\/wp-json\/"}],"wp:attachment":[{"href":"http:\/\/www.apucarana.pr.gov.br\/site\/wp-json\/wp\/v2\/media?parent=20315"}],"wp:term":[{"taxonomy":"category","embeddable":true,"href":"http:\/\/www.apucarana.pr.gov.br\/site\/wp-json\/wp\/v2\/categories?post=20315"},{"taxonomy":"post_tag","embeddable":true,"href":"http:\/\/www.apucarana.pr.gov.br\/site\/wp-json\/wp\/v2\/tags?post=20315"}],"curies":[{"name":"wp","href":"https:\/\/api.w.org\/{rel}","templated":true}]}}