{"id":20310,"date":"2018-12-21T17:09:53","date_gmt":"2018-12-21T19:09:53","guid":{"rendered":"http:\/\/172.16.0.7\/site-antigo\/?p=20310"},"modified":"2024-10-08T09:17:26","modified_gmt":"2024-10-08T12:17:26","slug":"marli-fernandes-encerra-ciclo-como-presidente-da-undime","status":"publish","type":"post","link":"http:\/\/www.apucarana.pr.gov.br\/site\/marli-fernandes-encerra-ciclo-como-presidente-da-undime\/","title":{"rendered":"Marli Fernandes encerra ciclo como presidente da Undime"},"content":{"rendered":"<p>A secret\u00e1ria Municipal de Educa\u00e7\u00e3o em Apucarana, professora Marli Fernandes est\u00e1 concluindo seu mandato de presidente da Undime-Regi\u00e3o Sul e da Undime-PR \u2013 bi\u00eanio 2017-2019. A \u00faltima a\u00e7\u00e3o ser\u00e1 entre mar\u00e7o e abril do pr\u00f3ximo ano com a realiza\u00e7\u00e3o de f\u00f3rum estadual em Curitiba. Na ocasi\u00e3o ser\u00e1 realizada elei\u00e7\u00e3o da nova diretoria. Para marcar seu trabalho \u00e0 frente da Uni\u00e3o Nacional dos Dirigentes da Educa\u00e7\u00e3o (Paran\u00e1), Marli foi condecorada com uma placa. O objeto, que retrata s\u00edmbolos do Paran\u00e1 \u2013 Gralha Azul e Pinheiro Arauc\u00e1ria e tem o nome da gestora grafado &#8211; foi apresentando nesta sexta-feira (21\/12) ao prefeito Beto Preto (PSD), que enalteceu a passagem da professora Marli Fernandes \u00e0 frente da presid\u00eancia. \u201cForam dois anos vitoriosos, onde a secret\u00e1ria representou muito bem a cidade de Apucarana e realizou grandes trabalhos em prol da educa\u00e7\u00e3o estadual e regional. Foi sem d\u00favidas uma presidente diferenciada, que atuou para agregar ainda mais os secret\u00e1rios municipais, com destaque \u00e0 revis\u00e3o da Base Nacional Comum Curricular. Atua\u00e7\u00e3o pela qual rendo meu mais profundo agradecimento\u201d, pontuou Beto Preto.<br \/>\nAo prefeito, professora Marli revelou que o acompanhamento e a coordena\u00e7\u00e3o de todo o referencial curricular do Paran\u00e1, que possibilitou que o estado fosse o primeiro da federa\u00e7\u00e3o a fechar a reforma do Base Nacional Curricular Comum (BNCC), foi uma de suas principais a\u00e7\u00f5es \u00e0 frente da Undime. \u201cAcredito que cumpri, juntamente com toda equipe que me assessorou, a proposta da entidade, que \u00e9 fortalecer as administra\u00e7\u00f5es municipais na \u00e1rea da Educa\u00e7\u00e3o para garantir expans\u00e3o e melhoria da qualidade da Escola P\u00fablica Municipal\u201d, assinalou a secret\u00e1ria. Ela salientou que a entidade tamb\u00e9m promoveu acompanhamento sistem\u00e1tico de projetos junto ao Governo Federal, organizou e promoveu pesquisas, reuni\u00f5es, semin\u00e1rios e f\u00f3runs voltados \u00e0 educa\u00e7\u00e3o p\u00fablica, al\u00e9m de manter contato com sindicatos, confedera\u00e7\u00f5es, associa\u00e7\u00f5es, organiza\u00e7\u00f5es n\u00e3o governamentais, movimentos sociais, redes e demais entidades da sociedade civil interessadas no processo educacional.<br \/>\nEntre os eventos realizados, professora Marli destacou a realiza\u00e7\u00e3o do IV F\u00f3rum Interestadual de Educa\u00e7\u00e3o da Regi\u00e3o Sul, que aconteceu recentemente em Maring\u00e1. \u201cCerca de 400 professores, do Paran\u00e1, de Santa Catarina e do Rio Grande do Sul, participam das discuss\u00f5es sobre a Forma\u00e7\u00e3o Continuada e os Desafios na Implementa\u00e7\u00e3o da Base Nacional Comum Curricular\u201d, lembra a secret\u00e1ria.<br \/>\nEla frisa que o evento chamou a aten\u00e7\u00e3o para o desafio de fazer com que os referenciais curriculares, que foram constru\u00eddos no n\u00edvel estadual, em conson\u00e2ncia com a BNCC, cheguem at\u00e9 as escolas. \u201cPor meio da programa\u00e7\u00e3o, os participantes receberam informa\u00e7\u00f5es e orienta\u00e7\u00f5es para a efetiva\u00e7\u00e3o desse processo&#8221;, conta Marli.<br \/>\nO que \u00e9 &#8211; A Undime Paran\u00e1 \u00e9 uma associa\u00e7\u00e3o civil sem fins lucrativos que visa a integra\u00e7\u00e3o de dirigentes municipais de educa\u00e7\u00e3o do Estado em torno da educa\u00e7\u00e3o p\u00fablica municipal. Est\u00e1 ligada a UNDIME NACIONAL, tendo iniciado suas atividades a partir do F\u00f3rum de Secret\u00e1rios Municipais de Educa\u00e7\u00e3o, em 1984. Em 1992, passou a ser denominada Uni\u00e3o dos Dirigentes Municipais de Educa\u00e7\u00e3o do Estado do Paran\u00e1 &#8211; Undime-PR. A sua miss\u00e3o \u00e9 articular, mobilizar e integrar os dirigentes municipais de educa\u00e7\u00e3o do Paran\u00e1 para construir e defender a educa\u00e7\u00e3o p\u00fablica com qualidade social. Por meio da Undime PR, as secretarias municipais de educa\u00e7\u00e3o do Paran\u00e1 podem estabelecer redes solid\u00e1rias de troca de informa\u00e7\u00f5es e experi\u00eancias. Dessa forma, a Undime-PR proporciona aos seus representantes a oportunidade de integra\u00e7\u00f5es regional e nacional.<\/p>\n","protected":false},"excerpt":{"rendered":"<p>Ao prefeito, professora Marli revelou que o acompanhamento e a coordena\u00e7\u00e3o de todo o referencial curricular do Paran\u00e1, que possibilitou que o estado fosse o primeiro da federa\u00e7\u00e3o a fechar a reforma do Base Nacional Curricular Comum (BNCC), foi uma de suas principais a\u00e7\u00f5es \u00e0 frente da Undime (Foto: Edson Denobi)<\/p>\n","protected":false},"author":4,"featured_media":20311,"comment_status":"closed","ping_status":"open","sticky":false,"template":"","format":"standard","meta":{"footnotes":""},"categories":[24],"tags":[],"class_list":["post-20310","post","type-post","status-publish","format-standard","has-post-thumbnail","hentry","category-noticias"],"acf":[],"_links":{"self":[{"href":"http:\/\/www.apucarana.pr.gov.br\/site\/wp-json\/wp\/v2\/posts\/20310","targetHints":{"allow":["GET"]}}],"collection":[{"href":"http:\/\/www.apucarana.pr.gov.br\/site\/wp-json\/wp\/v2\/posts"}],"about":[{"href":"http:\/\/www.apucarana.pr.gov.br\/site\/wp-json\/wp\/v2\/types\/post"}],"author":[{"embeddable":true,"href":"http:\/\/www.apucarana.pr.gov.br\/site\/wp-json\/wp\/v2\/users\/4"}],"replies":[{"embeddable":true,"href":"http:\/\/www.apucarana.pr.gov.br\/site\/wp-json\/wp\/v2\/comments?post=20310"}],"version-history":[{"count":1,"href":"http:\/\/www.apucarana.pr.gov.br\/site\/wp-json\/wp\/v2\/posts\/20310\/revisions"}],"predecessor-version":[{"id":100844,"href":"http:\/\/www.apucarana.pr.gov.br\/site\/wp-json\/wp\/v2\/posts\/20310\/revisions\/100844"}],"wp:featuredmedia":[{"embeddable":true,"href":"http:\/\/www.apucarana.pr.gov.br\/site\/wp-json\/"}],"wp:attachment":[{"href":"http:\/\/www.apucarana.pr.gov.br\/site\/wp-json\/wp\/v2\/media?parent=20310"}],"wp:term":[{"taxonomy":"category","embeddable":true,"href":"http:\/\/www.apucarana.pr.gov.br\/site\/wp-json\/wp\/v2\/categories?post=20310"},{"taxonomy":"post_tag","embeddable":true,"href":"http:\/\/www.apucarana.pr.gov.br\/site\/wp-json\/wp\/v2\/tags?post=20310"}],"curies":[{"name":"wp","href":"https:\/\/api.w.org\/{rel}","templated":true}]}}