{"id":20304,"date":"2018-12-21T15:23:58","date_gmt":"2018-12-21T17:23:58","guid":{"rendered":"http:\/\/172.16.0.7\/site-antigo\/?p=20304"},"modified":"2024-10-08T09:17:26","modified_gmt":"2024-10-08T12:17:26","slug":"apucarana-ja-investiu-r39-milhoes-em-reforma-e-ampliacao-de-predios-escolares","status":"publish","type":"post","link":"http:\/\/www.apucarana.pr.gov.br\/site\/apucarana-ja-investiu-r39-milhoes-em-reforma-e-ampliacao-de-predios-escolares\/","title":{"rendered":"Apucarana j\u00e1 investiu R$39 milh\u00f5es em reforma e amplia\u00e7\u00e3o de pr\u00e9dios escolares"},"content":{"rendered":"<p>Ao assinar a libera\u00e7\u00e3o de projetos arquitet\u00f4nicos, el\u00e9tricos, hidr\u00e1ulicos e de acessibilidade que regularizam as escolas Municipais Antonieta da Silva Lautenschlager (Jardim Presidente Kennedy) e Dr. Joaquim Vicente de Castro (Vila Santa Rosa), o prefeito Beto Preto (PSD) destacou nesta sexta-feira (21\/12) o resgate estrutural feito pela atual administra\u00e7\u00e3o na rede municipal de ensino. \u201cInvestimos pesado para transformar a realidade da Educa\u00e7\u00e3o em nosso munic\u00edpio, que s\u00f3 tinha o t\u00edtulo de Cidade Educa\u00e7\u00e3o no nome mas, na realidade, oferecia um tratamento muito ruim em pr\u00e9dios totalmente carentes de regulariza\u00e7\u00e3o e at\u00e9 mesmo estrutura m\u00ednima para funcionar em per\u00edodo integral\u201d, recorda Beto Preto.<br \/>\nAcompanhado do vice-prefeito e engenheiro civil J\u00fanior da Femac e da secret\u00e1ria Municipal de Educa\u00e7\u00e3o, professora Marli Fernandes, Beto afirmou que ao longo dos \u00faltimos 6 anos foram investidos cerca de R$39 milh\u00f5es em reformas e amplia\u00e7\u00f5es que, na pr\u00e1tica, regularizaram quase a totalidade das unidades educacionais (escolas e CMEI\u2019s) com projetos arquitet\u00f4nicos, el\u00e9tricos, hidr\u00e1ulicos, de acessibilidade. \u201cAinda h\u00e1 muito a fazer, mas podemos afirmar que com os esfor\u00e7os dispensados nestes \u00faltimos 6 anos, as nossas institui\u00e7\u00f5es hoje atendem as normas de preven\u00e7\u00e3o de inc\u00eandio, de vigil\u00e2ncia sanit\u00e1ria, de acessibilidade. T\u00eam salas, banheiros e refeit\u00f3rios adequados\u201d, refor\u00e7a Beto Preto.<br \/>\nEle lembra de um epis\u00f3dio presenciado no in\u00edcio de 2013 na Escola Municipal Osvaldo dos Santos Lima. \u201cHavia uma fossa aberta pr\u00f3ximo ao refeit\u00f3rio, ent\u00e3o toda vez que algu\u00e9m dava a descarga no banheiro subia, al\u00e9m de mau cheiro, baratas que ficavam circulando no p\u00e1tio. Foi algo que me marcou muito, mas gra\u00e7as a esses anos de investimento hoje a escola est\u00e1 totalmente reformada e aquela realidade faz parte de um passado a ser esquecido\u201d, disse o prefeito, lembrando que recentemente liberou investimentos para reforma e amplia\u00e7\u00e3o de diversas unidades educacionais que totalizam R$ 2.555.414,31.<br \/>\nA secret\u00e1ria de Educa\u00e7\u00e3o, Marli Fernandes, destacou que essas obras s\u00e3o importantes para que alunos, professores e funcion\u00e1rios tenham um ambiente prazeroso, confort\u00e1vel e seguro. \u201cDestaco tamb\u00e9m os resultados positivos que Apucarana vem obtendo na educa\u00e7\u00e3o, com nota 7,5 no Ideb, mais de 1.300 medalhas conquistadas na Ol\u00edmpiada Brasileira de Astronomia (OBA), colocando Apucarana em terceiro lugar nacional\u201d, ressaltou a secret\u00e1ria.<br \/>\nAs obras em andamento, dentro dos R$2,5 milh\u00f5es liberados recentemente pelo prefeito Beto Preto, atendem ao Centro Municipal de Educa\u00e7\u00e3o Infantil (CMEI) Jos\u00e9 Ign\u00e1cio Neto e \u00e0s escolas municipais Antonieta da Silva Lautenschlager, Dr. Joaquim Vicente de Castro, Papa Jo\u00e3o XXIII, Professora Marta Pereira da Silva, Presidente M\u00e9dici, Jos\u00e9 de Alencar e Wilson de Azevedo.<\/p>\n","protected":false},"excerpt":{"rendered":"<p>Acompanhado do vice-prefeito e engenheiro civil J\u00fanior da Femac e da secret\u00e1ria Municipal de Educa\u00e7\u00e3o, professora Marli Fernandes, Beto afirmou que investiu pesado para transformar a realidade da Educa\u00e7\u00e3o em nosso munic\u00edpio (Foto: Edson Denobi)<\/p>\n","protected":false},"author":4,"featured_media":20305,"comment_status":"closed","ping_status":"open","sticky":false,"template":"","format":"standard","meta":{"footnotes":""},"categories":[24],"tags":[],"class_list":["post-20304","post","type-post","status-publish","format-standard","has-post-thumbnail","hentry","category-noticias"],"acf":[],"_links":{"self":[{"href":"http:\/\/www.apucarana.pr.gov.br\/site\/wp-json\/wp\/v2\/posts\/20304","targetHints":{"allow":["GET"]}}],"collection":[{"href":"http:\/\/www.apucarana.pr.gov.br\/site\/wp-json\/wp\/v2\/posts"}],"about":[{"href":"http:\/\/www.apucarana.pr.gov.br\/site\/wp-json\/wp\/v2\/types\/post"}],"author":[{"embeddable":true,"href":"http:\/\/www.apucarana.pr.gov.br\/site\/wp-json\/wp\/v2\/users\/4"}],"replies":[{"embeddable":true,"href":"http:\/\/www.apucarana.pr.gov.br\/site\/wp-json\/wp\/v2\/comments?post=20304"}],"version-history":[{"count":1,"href":"http:\/\/www.apucarana.pr.gov.br\/site\/wp-json\/wp\/v2\/posts\/20304\/revisions"}],"predecessor-version":[{"id":100845,"href":"http:\/\/www.apucarana.pr.gov.br\/site\/wp-json\/wp\/v2\/posts\/20304\/revisions\/100845"}],"wp:featuredmedia":[{"embeddable":true,"href":"http:\/\/www.apucarana.pr.gov.br\/site\/wp-json\/"}],"wp:attachment":[{"href":"http:\/\/www.apucarana.pr.gov.br\/site\/wp-json\/wp\/v2\/media?parent=20304"}],"wp:term":[{"taxonomy":"category","embeddable":true,"href":"http:\/\/www.apucarana.pr.gov.br\/site\/wp-json\/wp\/v2\/categories?post=20304"},{"taxonomy":"post_tag","embeddable":true,"href":"http:\/\/www.apucarana.pr.gov.br\/site\/wp-json\/wp\/v2\/tags?post=20304"}],"curies":[{"name":"wp","href":"https:\/\/api.w.org\/{rel}","templated":true}]}}