{"id":20298,"date":"2018-12-21T14:32:01","date_gmt":"2018-12-21T16:32:01","guid":{"rendered":"http:\/\/172.16.0.7\/site-antigo\/?p=20298"},"modified":"2024-10-08T09:17:26","modified_gmt":"2024-10-08T12:17:26","slug":"prefeitura-e-senai-encerram-mais-um-curso-profissionalizante","status":"publish","type":"post","link":"http:\/\/www.apucarana.pr.gov.br\/site\/prefeitura-e-senai-encerram-mais-um-curso-profissionalizante\/","title":{"rendered":"Prefeitura e Senai encerram mais um curso profissionalizante"},"content":{"rendered":"<p>O Centro de Qualifica\u00e7\u00e3o Total da Secretaria Municipal da Assist\u00eancia Social e o Sistema Nacional de Aprendizagem Ind\u00fastrial (Senai), de Apucarana, conclu\u00edram nesta semana o curso de Manuten\u00e7\u00e3o Mec\u00e2nica em M\u00e1quina de Costura Reta e Overloque. Com dura\u00e7\u00e3o de 80 horas aula, a forma\u00e7\u00e3o capacitou 11 apucaranenses. \u201cA prefeitura cedeu as m\u00e1quinas de costura para realiza\u00e7\u00e3o do curso. J\u00e1 o Senai cedeu algumas bolsas de estudo para a prefeitura e a manuten\u00e7\u00e3o de sete m\u00e1quinas de costura\u201d, relata J\u00fanior da Femac, vice-prefeito de Apucarana.<br \/>\nDe acordo com Marlene Mariotto Gaspar, coordenadora de educa\u00e7\u00e3o do Sistema Fiep em Apucarana, a parceira foi um sucesso. \u201cA comunidade de Apucarana possui mais profissionais capacitados na \u00e1rea do vestu\u00e1rio\u201d, destacou.<br \/>\nO vice-prefeito J\u00fanior da Femac lembra que a qualifica\u00e7\u00e3o profissional da popula\u00e7\u00e3o \u00e9 uma das marcas da atual gest\u00e3o. \u201cApucarana formou, desde 2013, mais de 15 mil pessoas em cursos profissionalizantes e de qualifica\u00e7\u00e3o, o que equivale a mais de 10% da popula\u00e7\u00e3o, uma marca hist\u00f3rica na prepara\u00e7\u00e3o para o mercado de trabalho\u201d, pontua J\u00fanior.<br \/>\nO vice-prefeito destaca as dezenas de cursos comprados pelo munic\u00edpio, e oferecidos gratuitamente \u00e0 popula\u00e7\u00e3o. \u201cEsses cursos foram ministrados atrav\u00e9s de parcerias com o Senac, Senai, Senat, Senar, Sesc, CIEE, Programa Pr\u00e9-aprendiz e por meio do antigo Pronatec, al\u00e9m de cursos com professores do Centro de Qualifica\u00e7\u00e3o Total e do Centro de Oficinas da Mulher\u201d, enumera J\u00fanior da Femac. Das 15 mil pessoas, mais de 1.800 foram capacitadas somente neste ano de 2018. <\/p>\n","protected":false},"excerpt":{"rendered":"<p>Apucarana formou, desde 2013, mais de 15 mil pessoas em cursos profissionalizantes e de qualifica\u00e7\u00e3o, o que equivale a mais de 10% da popula\u00e7\u00e3o (Foto: divulga\u00e7\u00e3o<\/p>\n","protected":false},"author":4,"featured_media":20301,"comment_status":"closed","ping_status":"open","sticky":false,"template":"","format":"standard","meta":{"footnotes":""},"categories":[24],"tags":[],"class_list":["post-20298","post","type-post","status-publish","format-standard","has-post-thumbnail","hentry","category-noticias"],"acf":[],"_links":{"self":[{"href":"http:\/\/www.apucarana.pr.gov.br\/site\/wp-json\/wp\/v2\/posts\/20298","targetHints":{"allow":["GET"]}}],"collection":[{"href":"http:\/\/www.apucarana.pr.gov.br\/site\/wp-json\/wp\/v2\/posts"}],"about":[{"href":"http:\/\/www.apucarana.pr.gov.br\/site\/wp-json\/wp\/v2\/types\/post"}],"author":[{"embeddable":true,"href":"http:\/\/www.apucarana.pr.gov.br\/site\/wp-json\/wp\/v2\/users\/4"}],"replies":[{"embeddable":true,"href":"http:\/\/www.apucarana.pr.gov.br\/site\/wp-json\/wp\/v2\/comments?post=20298"}],"version-history":[{"count":1,"href":"http:\/\/www.apucarana.pr.gov.br\/site\/wp-json\/wp\/v2\/posts\/20298\/revisions"}],"predecessor-version":[{"id":100846,"href":"http:\/\/www.apucarana.pr.gov.br\/site\/wp-json\/wp\/v2\/posts\/20298\/revisions\/100846"}],"wp:featuredmedia":[{"embeddable":true,"href":"http:\/\/www.apucarana.pr.gov.br\/site\/wp-json\/"}],"wp:attachment":[{"href":"http:\/\/www.apucarana.pr.gov.br\/site\/wp-json\/wp\/v2\/media?parent=20298"}],"wp:term":[{"taxonomy":"category","embeddable":true,"href":"http:\/\/www.apucarana.pr.gov.br\/site\/wp-json\/wp\/v2\/categories?post=20298"},{"taxonomy":"post_tag","embeddable":true,"href":"http:\/\/www.apucarana.pr.gov.br\/site\/wp-json\/wp\/v2\/tags?post=20298"}],"curies":[{"name":"wp","href":"https:\/\/api.w.org\/{rel}","templated":true}]}}