{"id":20285,"date":"2018-12-21T12:16:14","date_gmt":"2018-12-21T14:16:14","guid":{"rendered":"http:\/\/172.16.0.7\/site-antigo\/?p=20285"},"modified":"2024-10-08T09:17:26","modified_gmt":"2024-10-08T12:17:26","slug":"servidores-participam-de-celebracao-ecumenica","status":"publish","type":"post","link":"http:\/\/www.apucarana.pr.gov.br\/site\/servidores-participam-de-celebracao-ecumenica\/","title":{"rendered":"Servidores participam de celebra\u00e7\u00e3o ecum\u00eanica"},"content":{"rendered":"<p>Para confraternizar o Natal, os servidores municipais do pr\u00e9dio central participaram nesta sexta-feira (21\/12), no sal\u00e3o nobre da Prefeitura, de uma celebra\u00e7\u00e3o ecum\u00eanica. O momento contou com tradicionais can\u00e7\u00f5es natalinas, ora\u00e7\u00f5es e um caf\u00e9 da manh\u00e3.<br \/>\nO culto foi conduzido pelo pastor Othoniel Gon\u00e7alves e contou com a presen\u00e7a do vice-prefeito de Apucarana, Sebasti\u00e3o Ferreira Martins Junior (Junior da Femac) e do juiz Osvaldo Soares Neto. Tamb\u00e9m estiveram presentes o padre Paulo Amaral, que atualmente \u00e9 p\u00e1roco nas cidades de \u00c2ngulo e Fl\u00f3rida, o pastor Nestor Frey, da Igreja Assembleia de Deus de Apucarana, e o reverendo Walmir Alves, da Igreja Presbiteriana Independente de Arapongas.<br \/>\nJunior da Femac disse que a Prefeitura de Apucarana busca colocar em pr\u00e1tica, nos programas e a\u00e7\u00f5es desenvolvidos, o Evangelho de Jesus Cristo. \u201cIsso acontece em todas as \u00e1reas tanto na educa\u00e7\u00e3o, sa\u00fade, meio ambiente e limpeza p\u00fablica quanto em setores que d\u00e3o o suporte como o de licita\u00e7\u00e3o. Colocamos em pr\u00e1tica valores crist\u00e3os, como a partilha, igualdade e fraternidade\u201d, salienta Junior da Femac.<br \/>\nDe acordo com o vice-prefeito, todo o arcabou\u00e7o da sociedade foi constitu\u00eddo para proteger a vida, que \u00e9 o principal s\u00edmbolo do Natal representado pelo nascimento de Jesus. \u201cUma placa de tr\u00e2nsito ou a aplica\u00e7\u00e3o de uma vacina, por exemplo, buscam proteger a vida e quem trouxe esse sentido de vida em abund\u00e2ncia foi Jesus Cristo\u201d, frisa.<br \/>\nJunior da Femac tamb\u00e9m celebrou as conquistas deste ano que, segundo ele, extrapolaram as fronteiras de Apucarana. \u201cQuem diria que em 2018 ter\u00edamos dois deputados estaduais da cidade eleitos e que ter\u00edamos um apucaranense na secretaria mais importante do Paran\u00e1\u201d, disse, referindo-se ao prefeito Beto Preto que partir do ano que vem ir\u00e1 o ocupar a Secretaria de Estado da Sa\u00fade.<br \/>\nJunior da Femac tamb\u00e9m aproveitou para lembrar o equil\u00edbrio financeiro do Munic\u00edpio e anunciar que o sal\u00e1rio de dezembro j\u00e1 foi creditado nesta sexta-feira na conta dos servidores, visando garantir um Natal mais tranq\u00fcilo aos funcion\u00e1rios. Na segunda-feira, ser\u00e1 ponto facultativo na Prefeitura e o expediente normal ser\u00e1 retomado na quarta-feira (26\/12).<br \/>\n<strong>REFLEX\u00c3O &#8211;<\/strong> Padre Paulinho afirma que o Natal se origina de um acontecimento simples e surpreendente. \u201cUma m\u00e3e n\u00e3o encontrando um lugar adequado, na periferia de Jerusal\u00e9m, num lugar onde se recolhiam os animais, deu a luz a uma crian\u00e7a no sil\u00eancio de uma noite, no anonimato, em meio a tanto burburinho\u201d, recordou.<br \/>\nPadre Paulinho tamb\u00e9m pediu para que as pessoas fa\u00e7am uma reflex\u00e3o. \u201cMaria guardou tudo isso no sil\u00eancio do cora\u00e7\u00e3o e atualmente faz falta o sil\u00eancio. O mundo anda muito barulhento, com excesso de informa\u00e7\u00f5es, not\u00edcias falsas. Precisamos voltar ao sil\u00eancio para repor energias, ter mais ousadia e criatividade. Final de ano \u00e9 \u00e9poca de balan\u00e7o e de olhar com esperan\u00e7a para 2019\u201d, ressaltou.<br \/>\nPadre Paulinho tamb\u00e9m lembrou de uma palavra que ouviu, h\u00e1 6 anos, quando Beto Preto havia assumido a Prefeitura. \u201cEra zeladoria. Cuidar da cidade, da periferia para o centro, e estar muito atento ao seu maior patrim\u00f4nio que \u00e9 o cidad\u00e3o. O sucesso do gestor p\u00fablico \u00e9 o sucesso de uma cidade, significa o bem-estar dos seus cidad\u00e3os\u201d, pontua.<\/p>\n","protected":false},"excerpt":{"rendered":"<p>Momento contou com tradicionais can\u00e7\u00f5es natalinas, ora\u00e7\u00f5es e um caf\u00e9 da manh\u00e3. (Fotos: Edson Denobi)<\/p>\n","protected":false},"author":4,"featured_media":20287,"comment_status":"closed","ping_status":"open","sticky":false,"template":"","format":"standard","meta":{"footnotes":""},"categories":[24],"tags":[],"class_list":["post-20285","post","type-post","status-publish","format-standard","has-post-thumbnail","hentry","category-noticias"],"acf":[],"_links":{"self":[{"href":"http:\/\/www.apucarana.pr.gov.br\/site\/wp-json\/wp\/v2\/posts\/20285","targetHints":{"allow":["GET"]}}],"collection":[{"href":"http:\/\/www.apucarana.pr.gov.br\/site\/wp-json\/wp\/v2\/posts"}],"about":[{"href":"http:\/\/www.apucarana.pr.gov.br\/site\/wp-json\/wp\/v2\/types\/post"}],"author":[{"embeddable":true,"href":"http:\/\/www.apucarana.pr.gov.br\/site\/wp-json\/wp\/v2\/users\/4"}],"replies":[{"embeddable":true,"href":"http:\/\/www.apucarana.pr.gov.br\/site\/wp-json\/wp\/v2\/comments?post=20285"}],"version-history":[{"count":1,"href":"http:\/\/www.apucarana.pr.gov.br\/site\/wp-json\/wp\/v2\/posts\/20285\/revisions"}],"predecessor-version":[{"id":100847,"href":"http:\/\/www.apucarana.pr.gov.br\/site\/wp-json\/wp\/v2\/posts\/20285\/revisions\/100847"}],"wp:featuredmedia":[{"embeddable":true,"href":"http:\/\/www.apucarana.pr.gov.br\/site\/wp-json\/"}],"wp:attachment":[{"href":"http:\/\/www.apucarana.pr.gov.br\/site\/wp-json\/wp\/v2\/media?parent=20285"}],"wp:term":[{"taxonomy":"category","embeddable":true,"href":"http:\/\/www.apucarana.pr.gov.br\/site\/wp-json\/wp\/v2\/categories?post=20285"},{"taxonomy":"post_tag","embeddable":true,"href":"http:\/\/www.apucarana.pr.gov.br\/site\/wp-json\/wp\/v2\/tags?post=20285"}],"curies":[{"name":"wp","href":"https:\/\/api.w.org\/{rel}","templated":true}]}}