{"id":20280,"date":"2018-12-20T20:06:15","date_gmt":"2018-12-20T22:06:15","guid":{"rendered":"http:\/\/172.16.0.7\/site-antigo\/?p=20280"},"modified":"2024-10-08T09:17:26","modified_gmt":"2024-10-08T12:17:26","slug":"ratinho-junior-indica-beto-preto-para-comandar-a-secretaria-da-saude","status":"publish","type":"post","link":"http:\/\/www.apucarana.pr.gov.br\/site\/ratinho-junior-indica-beto-preto-para-comandar-a-secretaria-da-saude\/","title":{"rendered":"Ratinho Junior indica Beto Preto para comandar a Secretaria da Sa\u00fade"},"content":{"rendered":"<p>O prefeito de Apucarana, o m\u00e9dico Carlos Alberto Gebrim Preto (Beto Preto), teve seu nome indicado hoje (20) pelo governador eleito Ratinho Junior, para comandar a Secretaria de Estado da Sa\u00fade (Sesa). O an\u00fancio foi feito durante entrevista coletiva de imprensa, no final da manh\u00e3, em Curitiba.<br \/>\nAo confirmar o nome de Beto Preto para a Sesa, Ratinho Junior mencionou que Beto Preto \u00e9 considerado um dos melhores gestores no Paran\u00e1. O futuro governador citou que Beto Preto foi reeleito com vota\u00e7\u00e3o recorde no Brasil, com 86,11% dos votos.<br \/>\nRatinho Junior tamb\u00e9m justificou que o prefeito de Apucarana tem forma\u00e7\u00e3o na \u00e1rea m\u00e9dica e que \u00e9 conhece a fundo as estruturas, programas e funcionamento da sa\u00fade p\u00fablica brasileira, baseada no Sistema \u00danico de Sa\u00fade, o SUS.<br \/>\nAntes de ter seu nome anunciado, Beto Preto j\u00e1 vinha participando da equipe de transi\u00e7\u00e3o de Ratinho Junior na \u00e1rea de sa\u00fade, junto \u00e0 equipe da atual governadora Cida Borghetti. O convite ao prefeito havia sido feito a algumas semanas, e s\u00f3 agora foi revelado publicamente.<br \/>\nOntem, ainda na capital do estado, Beto Preto fez quest\u00e3o de agradecer ao governador eleito Ratinho Junior, por confiar em sua capacidade de trabalho como gestor, notadamente na \u00e1rea de sa\u00fade p\u00fablica.<br \/>\nNesta sexta-feira (21), o prefeito de Apucarana, Beto Preto, deve conceder uma entrevista coletiva \u00e0 imprensa de Apucarana e da regi\u00e3o sobre a indica\u00e7\u00e3o para o cargo de secret\u00e1rio da sa\u00fade do Paran\u00e1.<br \/>\nBIOGRAFIA DE BETO PRETO<br \/>\nCarlos Alberto Gebrin Preto (PSD), o \u201cBeto Preto\u201d, \u00e9 prefeito reeleito de Apucarana para o mandato de 2013\/2016, tendo conquistado 86,11% dos votos. Em seis anos de gest\u00e3o criou programas premiados como o \u201cTerra Forte\u201d, Biblioteca Itinerante e o Programa de Implantes Dent\u00e1rios. Ele tamb\u00e9m colocar Apucarana na lideran\u00e7a do \u00cdndice de Desenvolvimento do ensino B\u00e1sico (IDEB) no Paran\u00e1.<br \/>\nNa sua gest\u00e3o, Apucarana tamb\u00e9m alcan\u00e7ou o 1\u00ba lugar no Paran\u00e1 e o 5\u00ba no ranking nacional, no \u00cdndice Firjan de Desenvolvimento Municipal (IFDM), divulgado neste ano.<br \/>\nBeto Preto \u00e9 m\u00e9dico formado pela Universidade Estadual de Londrina (UEL), com especialidades em Medicina Nuclear (Instituto Rio Preto-SP); Medicina do Trabalho (Universidade S\u00e3o Camilo); Medicina de Tr\u00e2nsito (USP); e Medicina Legal e Per\u00edcias M\u00e9dicas (Santa Casa de S\u00e3o Paulo).<br \/>\nFoi fundador do Conselho Regional de Medicina (CRM) de Apucarana e Vale do Iva\u00ed, atuando como delegado do \u00f3rg\u00e3o por 10 anos. De 1998 e 2000, foi secret\u00e1rio municipal de Sa\u00fade de Apucarana e, quando esteve no cargo, Apucarana foi o primeiro munic\u00edpio do Brasil com mais 100 mil habitantes a ter 70% de sua popula\u00e7\u00e3o sendo atendida pelo Programa de Sa\u00fade da Fam\u00edlia.<br \/>\nFoi presidente do Conselho dos Secret\u00e1rios Municipais de Sa\u00fade do Paran\u00e1 (Cosems) de 2000 a 2002; vice-presidente do Conselho Nacional dos Secret\u00e1rios Municipais de Sa\u00fade (Conasems) de 2001 a 2002; e membro do Conselho Nacional de Sa\u00fade, de 2001 a 2002, ao lado de figuras importantes da sa\u00fade p\u00fablica nacional, como Zilda Arns (in memorian), Nelson Rodrigues dos Santos e S\u00e9rgio Arouca (in memorian), estes dois \u00faltimos criadores do Sistema \u00danico de S\u00e1ude (SUS).<br \/>\nEm Bras\u00edlia, ocupou o cargo de diretor geral da Ouvidoria Nacional do Sistema \u00danico de Sa\u00fade (SUS), no Minist\u00e9rio da Sa\u00fade. Trabalhou ainda como secret\u00e1rio de Sa\u00fade em Calif\u00f3rnia. E atuou como m\u00e9dico plantonista em diversos hospitais, e como diretor Hospital Evang\u00e9lico de Londrina.<br \/>\nTamb\u00e9m trabalhou como coordenador m\u00e9dico do trabalho do SESI e como m\u00e9dico perito previdenci\u00e1rio do INSS, na ag\u00eancia de Apucarana. Ele ocupa atualmente, o cargo de vice-presidente do Sindicato dos M\u00e9dicos do Paran\u00e1.<br \/>\nAtualmente Beto Preto \u00e9 vice-presidente de sa\u00fade p\u00fablica, na Frente Nacional de Prefeitos (FNP); vice-presidente da Associa\u00e7\u00e3o dos Munic\u00edpios do Paran\u00e1 (AMP) e presidente da Associa\u00e7\u00e3o dos Munic\u00edpios do Vale do Iva\u00ed (Amuvi). <\/p>\n","protected":false},"excerpt":{"rendered":"<p>An\u00fancio foi feito nesta quinta-feira em entrevista coletiva concedida \u00e0 imprensa da capital do Estado (Foto: divulga\u00e7\u00e3o)<\/p>\n","protected":false},"author":4,"featured_media":20282,"comment_status":"closed","ping_status":"open","sticky":false,"template":"","format":"standard","meta":{"footnotes":""},"categories":[24],"tags":[],"class_list":["post-20280","post","type-post","status-publish","format-standard","has-post-thumbnail","hentry","category-noticias"],"acf":[],"_links":{"self":[{"href":"http:\/\/www.apucarana.pr.gov.br\/site\/wp-json\/wp\/v2\/posts\/20280","targetHints":{"allow":["GET"]}}],"collection":[{"href":"http:\/\/www.apucarana.pr.gov.br\/site\/wp-json\/wp\/v2\/posts"}],"about":[{"href":"http:\/\/www.apucarana.pr.gov.br\/site\/wp-json\/wp\/v2\/types\/post"}],"author":[{"embeddable":true,"href":"http:\/\/www.apucarana.pr.gov.br\/site\/wp-json\/wp\/v2\/users\/4"}],"replies":[{"embeddable":true,"href":"http:\/\/www.apucarana.pr.gov.br\/site\/wp-json\/wp\/v2\/comments?post=20280"}],"version-history":[{"count":1,"href":"http:\/\/www.apucarana.pr.gov.br\/site\/wp-json\/wp\/v2\/posts\/20280\/revisions"}],"predecessor-version":[{"id":100848,"href":"http:\/\/www.apucarana.pr.gov.br\/site\/wp-json\/wp\/v2\/posts\/20280\/revisions\/100848"}],"wp:featuredmedia":[{"embeddable":true,"href":"http:\/\/www.apucarana.pr.gov.br\/site\/wp-json\/"}],"wp:attachment":[{"href":"http:\/\/www.apucarana.pr.gov.br\/site\/wp-json\/wp\/v2\/media?parent=20280"}],"wp:term":[{"taxonomy":"category","embeddable":true,"href":"http:\/\/www.apucarana.pr.gov.br\/site\/wp-json\/wp\/v2\/categories?post=20280"},{"taxonomy":"post_tag","embeddable":true,"href":"http:\/\/www.apucarana.pr.gov.br\/site\/wp-json\/wp\/v2\/tags?post=20280"}],"curies":[{"name":"wp","href":"https:\/\/api.w.org\/{rel}","templated":true}]}}