{"id":20270,"date":"2018-12-20T18:07:37","date_gmt":"2018-12-20T20:07:37","guid":{"rendered":"http:\/\/172.16.0.7\/site-antigo\/?p=20270"},"modified":"2024-10-08T09:17:26","modified_gmt":"2024-10-08T12:17:26","slug":"30o-bimec-confirma-troca-de-comando-para-janeiro","status":"publish","type":"post","link":"http:\/\/www.apucarana.pr.gov.br\/site\/30o-bimec-confirma-troca-de-comando-para-janeiro\/","title":{"rendered":"30\u00ba BIMec confirma troca de comando para janeiro"},"content":{"rendered":"<p>O vice-prefeito de Apucarana J\u00fanior da Femac (PDT) recebeu nesta quinta-feira (20\/12), no gabinete municipal, o comandante do 30\u00ba Batalh\u00e3o de Infantaria Mecanizada Sentinela do Norte do Paran\u00e1 (30\u00ba BIMec), tenente-coronel Jos\u00e9 Barbosa Deina. Na oportunidade, Deina fez apresenta\u00e7\u00e3o oficial do futuro comandante da corpora\u00e7\u00e3o, tenente-coronel Alexandre Colombo e oficializou convite para a troca do comando que acontece em solenidade marcada para o dia 4 de janeiro, \u00e0s 10h30, na sede do batalh\u00e3o.<br \/>\nEm uma conversa de cerca de uma hora, J\u00fanior da Femac agradeceu ao trabalho do comandante Deina e deu as boas-vindas ao tenente-coronel Colombo. \u201cFica uma palavra de agradecimento da gest\u00e3o do prefeito Beto Preto ao tenente-coronel Deina pelas grandes e importantes parcerias realizadas com a prefeitura ao longo desses dois anos, em especial nas \u00e1reas do Esporte, da Educa\u00e7\u00e3o e da Cultura. A hist\u00f3ria do 30\u00ba BIMec n\u00e3o tem como dissociar da hist\u00f3ria da cidade de Apucarana, e o comandante Deina soube estar \u00e0 altura e tamb\u00e9m fazer hist\u00f3ria com a\u00e7\u00f5es dentro e fora do batalh\u00e3o\u201d, disse J\u00fanior da Femac, vice-prefeito de Apucarana.<br \/>\nO perfil do futuro comandante foi enaltecido pelo gestor. \u201cFoi uma apresenta\u00e7\u00e3o bastante agrad\u00e1vel e amistosa. Percebi que \u00e9 um oficial muito preparado, capacitado, que estava servindo o Ex\u00e9rcito Brasileiro em Bras\u00edlia e que acabou de fazer um curso militar na Alemanha. Tem 45 anos e chega com todo o vigor para, certamente, desempenhar um grande trabalho junto ao 30\u00ba BIMec\u201d, disse J\u00fanior da Femac, salientando que a troca da estrutura do batalh\u00e3o de motorizado por mecanizado, tem atra\u00eddo grandes comandantes para Apucarana. \u201cTenente-coronel Colombo nos confidenciou que a escolha por Apucarana de deu por este fato\u201d, disse o vice-prefeito.<br \/>\nCom 45 anos de idade, tenente-coronel Alexandre Colombo est\u00e1 h\u00e1 27 anos no Ex\u00e9rcito Brasileiro. Natural de S\u00e3o Jos\u00e9 do Rio Preto, j\u00e1 serviu como oficial em diversas partes do territ\u00f3rio nacional e, atualmente, estava no Comando do Estado-Maior, em Bras\u00edlia. \u201cEstou muito satisfeito em poder comandar um batalh\u00e3o tradicional como o 30\u00ba BIMec, uma unidade de elite do Ex\u00e9rcito Brasileiro que tem grandes responsabilidades perante a seguran\u00e7a nacional e conta com tanques guaranis, que s\u00e3o ve\u00edculos militares de \u00faltima gera\u00e7\u00e3o\u201d, observou, destacando a acolhida na cidade. \u201cEstou em Apucarana desde a segunda-feira para fazer a passagem de fun\u00e7\u00e3o e estou sendo muito bem recebido. Vou trabalhar para manter toda esta integra\u00e7\u00e3o e dar continuidade ao trabalho feito at\u00e9 aqui pelo comandante Deina\u201d, disse tenente-coronel Colombo.<br \/>\nAo entregar o convite de troca de comando ao vice-prefeito J\u00fanior da Femac, o comandante do 30\u00ba BIMec, Jos\u00e9 Barbosa Deina assinalou o principal legado de sua trajet\u00f3ria em Apucarana. \u201cAcredito que nesse per\u00edodo estreitamos ainda mais os la\u00e7os com a sociedade. Foi um per\u00edodo em que nos foram dadas muitas miss\u00f5es e conseguimos cumprir todas com responsabilidade e muito trabalho\u201d, assinalou Deina. De acordo com ele, as parcerias com a prefeitura tamb\u00e9m foram importantes. \u201cA integra\u00e7\u00e3o foi sempre muito positiva. Realizamos grandes coisas\u201d, concluiu Deina, que foi designado para um curso de seis meses na China sobre Seguran\u00e7a Militar Nacional e Comando.<\/p>\n","protected":false},"excerpt":{"rendered":"<p>Em uma conversa de cerca de uma hora no gabinete municipal, J\u00fanior da Femac agradeceu ao trabalho do comandante Deina e deu as boas-vindas ao tenente-coronel Colombo. Troca de comando acontece dia 4 de janeiro (Foto: Edson Denobi)<\/p>\n","protected":false},"author":4,"featured_media":20273,"comment_status":"closed","ping_status":"open","sticky":false,"template":"","format":"standard","meta":{"footnotes":""},"categories":[24],"tags":[],"class_list":["post-20270","post","type-post","status-publish","format-standard","has-post-thumbnail","hentry","category-noticias"],"acf":[],"_links":{"self":[{"href":"http:\/\/www.apucarana.pr.gov.br\/site\/wp-json\/wp\/v2\/posts\/20270","targetHints":{"allow":["GET"]}}],"collection":[{"href":"http:\/\/www.apucarana.pr.gov.br\/site\/wp-json\/wp\/v2\/posts"}],"about":[{"href":"http:\/\/www.apucarana.pr.gov.br\/site\/wp-json\/wp\/v2\/types\/post"}],"author":[{"embeddable":true,"href":"http:\/\/www.apucarana.pr.gov.br\/site\/wp-json\/wp\/v2\/users\/4"}],"replies":[{"embeddable":true,"href":"http:\/\/www.apucarana.pr.gov.br\/site\/wp-json\/wp\/v2\/comments?post=20270"}],"version-history":[{"count":1,"href":"http:\/\/www.apucarana.pr.gov.br\/site\/wp-json\/wp\/v2\/posts\/20270\/revisions"}],"predecessor-version":[{"id":100849,"href":"http:\/\/www.apucarana.pr.gov.br\/site\/wp-json\/wp\/v2\/posts\/20270\/revisions\/100849"}],"wp:featuredmedia":[{"embeddable":true,"href":"http:\/\/www.apucarana.pr.gov.br\/site\/wp-json\/"}],"wp:attachment":[{"href":"http:\/\/www.apucarana.pr.gov.br\/site\/wp-json\/wp\/v2\/media?parent=20270"}],"wp:term":[{"taxonomy":"category","embeddable":true,"href":"http:\/\/www.apucarana.pr.gov.br\/site\/wp-json\/wp\/v2\/categories?post=20270"},{"taxonomy":"post_tag","embeddable":true,"href":"http:\/\/www.apucarana.pr.gov.br\/site\/wp-json\/wp\/v2\/tags?post=20270"}],"curies":[{"name":"wp","href":"https:\/\/api.w.org\/{rel}","templated":true}]}}