{"id":20260,"date":"2018-12-20T18:01:46","date_gmt":"2018-12-20T20:01:46","guid":{"rendered":"http:\/\/172.16.0.7\/site-antigo\/?p=20260"},"modified":"2024-10-08T09:17:26","modified_gmt":"2024-10-08T12:17:26","slug":"estrada-apucarana-rio-bom-recebe-tapa-buraco","status":"publish","type":"post","link":"http:\/\/www.apucarana.pr.gov.br\/site\/estrada-apucarana-rio-bom-recebe-tapa-buraco\/","title":{"rendered":"Estrada \u201cApucarana &#8211; Rio Bom\u201d recebe tapa-buraco"},"content":{"rendered":"<p>A Prefeitura de Apucarana deu in\u00edcio nesta semana ao trabalho de conserva\u00e7\u00e3o do asfalto na estrada velha para Rio Bom. A opera\u00e7\u00e3o tapa-buraco, que \u00e9 realizada anualmente, vai contemplar mais uma vez todo o trecho dentro dos limites do munic\u00edpio de Apucarana, que compreende recupera\u00e7\u00e3o de 19 quil\u00f4metros em trecho que inicia na conflu\u00eancia com o Contorno Sul at\u00e9 a divisa entre os territ\u00f3rios municipais, na ponte Nicolau Kowalski.<br \/>\nAcompanhado do prefeito de Rio Bom, Ene Benedito Gon\u00e7alves, o vice-prefeito de Apucarana J\u00fanior da Femac, vistoriou os servi\u00e7os nesta quinta-feira (20\/12). \u201cO prefeito Beto Preto tem no prefeito Ene, de Rio Bom, um grande parceiro. E temos esta estrada que liga os dois munic\u00edpios irm\u00e3os que, principalmente depois das chuvas de outubro apareceram alguns buracos e outras situa\u00e7\u00f5es que necessitavam de reparo que estamos executando nesta oportunidade. \u00c9 a gest\u00e3o do prefeito Beto Preto, sempre atenta aos pedidos da popula\u00e7\u00e3o, das lideran\u00e7as e dos vereadores.\u201d, assinalou J\u00fanior.<br \/>\nEle salientou que a estrada est\u00e1 localizada em regi\u00e3o com muitas ind\u00fastrias e atividade rural, al\u00e9m de ser acesso a Rio Bom. \u201cEnt\u00e3o o prefeito Beto Preto determinou essa interven\u00e7\u00e3o, que est\u00e1 sendo feita pela equipe do Jaime Gon\u00e7alves, na secretaria dos Servi\u00e7os P\u00fablicos. Um servi\u00e7o de excelente qualidade, com massa a quente e passagem de rolo para garantir que dure v\u00e1rios meses\u201d, pontuou o vice-prefeito, salientando que por l\u00e1 passa transporte coletivo, vans do transporte escolar e \u00e9 feito todo escoamento da safra agr\u00edcola.<br \/>\nEntre as lideran\u00e7as que solicitaram a melhoria est\u00e1 o empres\u00e1rio Luciano Facchiano, que acompanhou a vistoria feita pelo vice-prefeito J\u00fanior da Femac e falou sobre o servi\u00e7o. \u201cAs chuvas geraram buracos e este servi\u00e7o que \u00e9 realizado agora vem sendo reivindicado por todas as comunidades que se servem desta estrada. Ent\u00e3o, agora, venho agradecer de cora\u00e7\u00e3o pois moro aqui na regi\u00e3o e fa\u00e7o este caminho todos os dias. Esta opera\u00e7\u00e3o tapa-buraco est\u00e1 sendo de grande import\u00e2ncia para todos os moradores da regi\u00e3o. Al\u00e9m disto \u00e9 uma via bastante movimentada que interliga muitas regi\u00f5es\u201d, concluiu o morador.<br \/>\nO prefeito de Rio Bom, Ene Benedito, acompanhou os trabalhos e elogiou a opera\u00e7\u00e3o de Apucarana. \u201cQuero parabenizar a gest\u00e3o Beto Preto e J\u00fanior da Femac que sempre tem nos atendido. Somos irm\u00e3os, vizinhos e esta estrada \u00e9 muito importante. Apucarana \u00e9 um polo, todas as cidades do Vale do Iva\u00ed convergem para usufruir do com\u00e9rcio, faculdade. \u00c9 uma cidade-m\u00e3e ent\u00e3o agradecemos muito o atendimento desta solicita\u00e7\u00e3o. Todas as vezes que fazemos um pedido n\u00e3o s\u00f3 de melhoria na estrada, mas em outras coisas mais, somos sempre atendidos prontamente\u201d, destacou Ene.<br \/>\nSegundo ele, os seis quil\u00f4metros que s\u00e3o de responsabilidade de Rio Bom devem receber melhorias em 2019. \u201cA gest\u00e3o passada infelizmente n\u00e3o cuidou como deveria e hoje n\u00e3o d\u00e1 mais para fazer tapa-buraco, s\u00f3 cascalhamento. Mas no ano que vem, com o governador Ratinho J\u00fanior e nossos deputados eleitos, vamos certamente reivindicar total reconstru\u00e7\u00e3o dessa estrada. Rio Bom n\u00e3o tem condi\u00e7\u00f5es de fazer sozinho, \u00e9 um investimento muito alto\u201d, concluiu o prefeito.<br \/>\nA vistoria do vice-prefeito J\u00fanior da Femac \u00e0 opera\u00e7\u00e3o tapa-buraco tamb\u00e9m contou com a presen\u00e7a do vereador Marcos da Vila Reis.<\/p>\n","protected":false},"excerpt":{"rendered":"<p>Acompanhado do prefeito de Rio Bom, Ene Benedito Gon\u00e7alves, o vice-prefeito de Apucarana J\u00fanior da Femac, vistoriou os servi\u00e7os nesta quinta-feira (20\/12) (Foto: Profeta)<\/p>\n","protected":false},"author":4,"featured_media":20256,"comment_status":"closed","ping_status":"open","sticky":false,"template":"","format":"standard","meta":{"footnotes":""},"categories":[24],"tags":[],"class_list":["post-20260","post","type-post","status-publish","format-standard","has-post-thumbnail","hentry","category-noticias"],"acf":[],"_links":{"self":[{"href":"http:\/\/www.apucarana.pr.gov.br\/site\/wp-json\/wp\/v2\/posts\/20260","targetHints":{"allow":["GET"]}}],"collection":[{"href":"http:\/\/www.apucarana.pr.gov.br\/site\/wp-json\/wp\/v2\/posts"}],"about":[{"href":"http:\/\/www.apucarana.pr.gov.br\/site\/wp-json\/wp\/v2\/types\/post"}],"author":[{"embeddable":true,"href":"http:\/\/www.apucarana.pr.gov.br\/site\/wp-json\/wp\/v2\/users\/4"}],"replies":[{"embeddable":true,"href":"http:\/\/www.apucarana.pr.gov.br\/site\/wp-json\/wp\/v2\/comments?post=20260"}],"version-history":[{"count":1,"href":"http:\/\/www.apucarana.pr.gov.br\/site\/wp-json\/wp\/v2\/posts\/20260\/revisions"}],"predecessor-version":[{"id":100850,"href":"http:\/\/www.apucarana.pr.gov.br\/site\/wp-json\/wp\/v2\/posts\/20260\/revisions\/100850"}],"wp:featuredmedia":[{"embeddable":true,"href":"http:\/\/www.apucarana.pr.gov.br\/site\/wp-json\/"}],"wp:attachment":[{"href":"http:\/\/www.apucarana.pr.gov.br\/site\/wp-json\/wp\/v2\/media?parent=20260"}],"wp:term":[{"taxonomy":"category","embeddable":true,"href":"http:\/\/www.apucarana.pr.gov.br\/site\/wp-json\/wp\/v2\/categories?post=20260"},{"taxonomy":"post_tag","embeddable":true,"href":"http:\/\/www.apucarana.pr.gov.br\/site\/wp-json\/wp\/v2\/tags?post=20260"}],"curies":[{"name":"wp","href":"https:\/\/api.w.org\/{rel}","templated":true}]}}