{"id":20251,"date":"2018-12-20T17:55:24","date_gmt":"2018-12-20T19:55:24","guid":{"rendered":"http:\/\/172.16.0.7\/site-antigo\/?p=20251"},"modified":"2024-10-08T09:17:26","modified_gmt":"2024-10-08T12:17:26","slug":"prefeitura-mantem-servicos-de-rocagem-da-cidade","status":"publish","type":"post","link":"http:\/\/www.apucarana.pr.gov.br\/site\/prefeitura-mantem-servicos-de-rocagem-da-cidade\/","title":{"rendered":"\u201cPrefeitura\u201d mant\u00e9m servi\u00e7os de ro\u00e7agem da cidade"},"content":{"rendered":"<p>Ser\u00e1 conclu\u00eddo nesta sexta-feira (21\/12) a ro\u00e7agem em ambos os lados da Rua Cristiano Kussmaul, na regi\u00e3o Oeste de Apucarana. Os servi\u00e7os, coordenados pela Secretaria Municipal de Servi\u00e7os P\u00fablicos e de responsabilidade de uma empresa terceirizada, tiveram in\u00edcio nesta quinta-feira (20\/12) e foram vistoriados pelo vice-prefeito J\u00fanior da Femac. \u201cEsta \u00e9 uma importante via de liga\u00e7\u00e3o entre diversos bairros desta regi\u00e3o e o servi\u00e7o de ro\u00e7agem e limpeza traz maior seguran\u00e7a tanto aos motoristas quanto aos pedestres\u201d, assinalou o vice-prefeito, lembrando que a prefeitura j\u00e1 conquistou recursos para a recupera\u00e7\u00e3o asf\u00e1ltica. \u201cEm breve o dinheiro ser\u00e1 liberado pelo Governo do Paran\u00e1 e a execu\u00e7\u00e3o licitada\u201d, relata.<br \/>\nOs servidores respons\u00e1veis pela coordena\u00e7\u00e3o do servi\u00e7o de ro\u00e7agem s\u00e3o os servidores Paulo Reis e Carlos Eduardo Vilsinski. \u201cO trabalho na Rua Cristiano Kussmaul compreende dois quil\u00f4metros. Estamos ro\u00e7ando em ambos os lados da via em trecho que inicia na Avenida Governador Roberto da Silveira e vai at\u00e9 o Contorno Sul, na antiga estrada para Rio Bom\u201d, conta Jaime Gon\u00e7alves, secret\u00e1rio Municipal de Servi\u00e7os P\u00fablicos. De acordo com ele, nos \u00faltimos dias foi executada uma s\u00e9rie de servi\u00e7os. \u201cFizemos a ro\u00e7agem do Parque Municipal Jaboti, do Parque da Reden\u00e7\u00e3o, da entrada da cidade para quem vem de Londrina em trecho entre o Hotel Lago das Pedras at\u00e9 o Residencial Arauc\u00e1ria e estamos finalizando o Parque Bigua\u00e7u\u201d, enumerou o secret\u00e1rio.<br \/>\nParticulares \u2013 Ao salientar que a Prefeitura de Apucarana vem cumprindo com sua responsabilidade quanto \u00e0 manuten\u00e7\u00e3o da ro\u00e7agem nos pr\u00e9dios e logradouros p\u00fablicos, o vice-prefeito J\u00fanior da Femac refor\u00e7ou o alerta que \u00e9 feito neste per\u00edodo do ano, com muito calor e chuva, quanto a necessidade de limpeza e ro\u00e7agem de terrenos particulares por parte dos propriet\u00e1rios. \u201c\u00c9 um gesto de responsabilidade social e, sobretudo, de respeito com o pr\u00f3ximo, pois geralmente um terreno sujo vai penalizar fam\u00edlias que moram nas imedia\u00e7\u00f5es e, por conseguinte, toda a coletividade. S\u00e3o essas pessoas que v\u00e3o sofrer com a prolifera\u00e7\u00e3o de insetos e animais pe\u00e7onhentos e tamb\u00e9m com a inseguran\u00e7a, pois esses terrenos podem servir de esconderijo para bandidos\u201d, pontuou J\u00fanior da Femac.<br \/>\nNos pr\u00f3ximos dias, com base em um decreto municipal, a prefeitura vai notificar oficialmente atrav\u00e9s da publica\u00e7\u00e3o de um edital, todos os propriet\u00e1rios de terrenos da cidade para que mantenham os espa\u00e7os conservados, sem mato, lixo ou entulhos, sob pena de multa na forma da lei vigente. \u201cEsperamos, contudo, que essa ro\u00e7agem e limpeza seja feita voluntariamente pelo propriet\u00e1rio, evitando dissabores com a fiscaliza\u00e7\u00e3o\u201d, concluiu o vice-prefeito de Apucarana.<\/p>\n","protected":false},"excerpt":{"rendered":"<p>Munic\u00edpio vem cumprindo com sua responsabilidade quanto a manuten\u00e7\u00e3o da ro\u00e7agem nos pr\u00e9dios e logradouros p\u00fablicos e lembra a todos os propriet\u00e1rios quanto a necessidade de limpeza e ro\u00e7agem de terrenos particulares (Foto: Profeta)<\/p>\n","protected":false},"author":4,"featured_media":20257,"comment_status":"closed","ping_status":"open","sticky":false,"template":"","format":"standard","meta":{"footnotes":""},"categories":[24],"tags":[],"class_list":["post-20251","post","type-post","status-publish","format-standard","has-post-thumbnail","hentry","category-noticias"],"acf":[],"_links":{"self":[{"href":"http:\/\/www.apucarana.pr.gov.br\/site\/wp-json\/wp\/v2\/posts\/20251","targetHints":{"allow":["GET"]}}],"collection":[{"href":"http:\/\/www.apucarana.pr.gov.br\/site\/wp-json\/wp\/v2\/posts"}],"about":[{"href":"http:\/\/www.apucarana.pr.gov.br\/site\/wp-json\/wp\/v2\/types\/post"}],"author":[{"embeddable":true,"href":"http:\/\/www.apucarana.pr.gov.br\/site\/wp-json\/wp\/v2\/users\/4"}],"replies":[{"embeddable":true,"href":"http:\/\/www.apucarana.pr.gov.br\/site\/wp-json\/wp\/v2\/comments?post=20251"}],"version-history":[{"count":1,"href":"http:\/\/www.apucarana.pr.gov.br\/site\/wp-json\/wp\/v2\/posts\/20251\/revisions"}],"predecessor-version":[{"id":100851,"href":"http:\/\/www.apucarana.pr.gov.br\/site\/wp-json\/wp\/v2\/posts\/20251\/revisions\/100851"}],"wp:featuredmedia":[{"embeddable":true,"href":"http:\/\/www.apucarana.pr.gov.br\/site\/wp-json\/"}],"wp:attachment":[{"href":"http:\/\/www.apucarana.pr.gov.br\/site\/wp-json\/wp\/v2\/media?parent=20251"}],"wp:term":[{"taxonomy":"category","embeddable":true,"href":"http:\/\/www.apucarana.pr.gov.br\/site\/wp-json\/wp\/v2\/categories?post=20251"},{"taxonomy":"post_tag","embeddable":true,"href":"http:\/\/www.apucarana.pr.gov.br\/site\/wp-json\/wp\/v2\/tags?post=20251"}],"curies":[{"name":"wp","href":"https:\/\/api.w.org\/{rel}","templated":true}]}}