{"id":20247,"date":"2018-12-20T17:46:04","date_gmt":"2018-12-20T19:46:04","guid":{"rendered":"http:\/\/172.16.0.7\/site-antigo\/?p=20247"},"modified":"2024-10-08T09:17:27","modified_gmt":"2024-10-08T12:17:27","slug":"nova-ubs-do-marissol-esta-com-60-da-obra-executada","status":"publish","type":"post","link":"http:\/\/www.apucarana.pr.gov.br\/site\/nova-ubs-do-marissol-esta-com-60-da-obra-executada\/","title":{"rendered":"Nova UBS do Marissol est\u00e1 com 60% da obra executada\u00a0"},"content":{"rendered":"<p>&nbsp;<br \/>\n<strong>\u00a0<\/strong>Com previs\u00e3o de entrega para fevereiro de 2019, a constru\u00e7\u00e3o da nova sede da Unidade B\u00e1sica de Sa\u00fade (UBS) Orestes Marquito, do Jardim Marissol, est\u00e1 com 60% da obra executada.<br \/>\nCom a impossibilidade de amplia\u00e7\u00e3o das atuais instala\u00e7\u00f5es devido \u00e0 falta de espa\u00e7o, o novo pr\u00e9dio da UBS Oreste Marquito est\u00e1 sendo edificado em terreno de 1.500 metros quadrados localizado aos fundos da Academia ao Ar Livre (AAL) e ter\u00e1 255 metros quadrados de \u00e1rea constru\u00edda. O investimento \u00e9 de R$ 422.593,27 com recursos municipais.<br \/>\nA constru\u00e7\u00e3o da nova UBS \u00e9 um compromisso assumido pelo prefeito Beto Preto com popula\u00e7\u00e3o, em assembl\u00e9ia realizada em janeiro, na escola municipal F\u00e1bio Henrique da Silva. Na ocasi\u00e3o, a prefeitura deixou nas m\u00e3os dos moradores a decis\u00e3o de reformar ou construir uma nova Unidade B\u00e1sica de Sa\u00fade (UBS) na regi\u00e3o do Jardim Marissol.<br \/>\nCom uma \u00e1rea tr\u00eas vezes maior que a atual, a nova UBS vai contar uma ampla recep\u00e7\u00e3o e sala de espera com 69,84 m\u00b2 (sala verde); banheiros acess\u00edveis; salas de vacina, de procedimentos, de esteriliza\u00e7\u00e3o, de curativo, e de reuni\u00e3o; dois consult\u00f3rios m\u00e9dicos; um consult\u00f3rio odontol\u00f3gico; farm\u00e1cia; copa; dep\u00f3sito de material de limpeza e banheiros para funcion\u00e1rios.<br \/>\nJ\u00e1 foram conclu\u00eddas as etapas da funda\u00e7\u00e3o, pilares, vigas, laje e cobertura. No momento est\u00e3o executando os revestimentos internos, com chapisco e reboco.<\/p>\n<table>\n<tbody>\n<tr>\n<td width=\"44\"><\/td>\n<td width=\"1440\"><\/td>\n<\/tr>\n<\/tbody>\n<\/table>\n<p>&nbsp;<\/p>\n","protected":false},"excerpt":{"rendered":"<p>Unidade de sa\u00fade ter\u00e1 255 metros quadrados de \u00e1rea constru\u00edda, com recursos municipais<\/p>\n","protected":false},"author":4,"featured_media":20248,"comment_status":"closed","ping_status":"open","sticky":false,"template":"","format":"standard","meta":{"footnotes":""},"categories":[24],"tags":[],"class_list":["post-20247","post","type-post","status-publish","format-standard","has-post-thumbnail","hentry","category-noticias"],"acf":[],"_links":{"self":[{"href":"http:\/\/www.apucarana.pr.gov.br\/site\/wp-json\/wp\/v2\/posts\/20247","targetHints":{"allow":["GET"]}}],"collection":[{"href":"http:\/\/www.apucarana.pr.gov.br\/site\/wp-json\/wp\/v2\/posts"}],"about":[{"href":"http:\/\/www.apucarana.pr.gov.br\/site\/wp-json\/wp\/v2\/types\/post"}],"author":[{"embeddable":true,"href":"http:\/\/www.apucarana.pr.gov.br\/site\/wp-json\/wp\/v2\/users\/4"}],"replies":[{"embeddable":true,"href":"http:\/\/www.apucarana.pr.gov.br\/site\/wp-json\/wp\/v2\/comments?post=20247"}],"version-history":[{"count":1,"href":"http:\/\/www.apucarana.pr.gov.br\/site\/wp-json\/wp\/v2\/posts\/20247\/revisions"}],"predecessor-version":[{"id":100852,"href":"http:\/\/www.apucarana.pr.gov.br\/site\/wp-json\/wp\/v2\/posts\/20247\/revisions\/100852"}],"wp:featuredmedia":[{"embeddable":true,"href":"http:\/\/www.apucarana.pr.gov.br\/site\/wp-json\/"}],"wp:attachment":[{"href":"http:\/\/www.apucarana.pr.gov.br\/site\/wp-json\/wp\/v2\/media?parent=20247"}],"wp:term":[{"taxonomy":"category","embeddable":true,"href":"http:\/\/www.apucarana.pr.gov.br\/site\/wp-json\/wp\/v2\/categories?post=20247"},{"taxonomy":"post_tag","embeddable":true,"href":"http:\/\/www.apucarana.pr.gov.br\/site\/wp-json\/wp\/v2\/tags?post=20247"}],"curies":[{"name":"wp","href":"https:\/\/api.w.org\/{rel}","templated":true}]}}