{"id":20227,"date":"2018-12-20T12:59:28","date_gmt":"2018-12-20T14:59:28","guid":{"rendered":"http:\/\/172.16.0.7\/site-antigo\/?p=20227"},"modified":"2024-10-08T09:17:27","modified_gmt":"2024-10-08T12:17:27","slug":"vice-prefeito-acolhe-novo-bispo-de-apucarana","status":"publish","type":"post","link":"http:\/\/www.apucarana.pr.gov.br\/site\/vice-prefeito-acolhe-novo-bispo-de-apucarana\/","title":{"rendered":"Vice-prefeito acolhe novo bispo de Apucarana"},"content":{"rendered":"<p>O novo bispo da Diocese de Apucarana, monsenhor Carlos Jos\u00e9 de Oliveira, foi recepcionado nesta quinta-feira (20\/12) pelo vice-prefeito de Apucarana, Sebasti\u00e3o Ferreira Martins Junior (Junior da Femac). Considerado pela Igreja Cat\u00f3lica como o \u201cDia do Acolhimento\u201d, \u00a0a visita \u00e0 Prefeitura foi prestigiada por dezenas de servidores do Executivo e tamb\u00e9m da C\u00e2mara de Vereadores.<br \/>\n\u201cPercebi, nas palavras do monsenhor , que \u00e9 uma pessoa preparada e de Deus e que coloca em pr\u00e1tica os valores defendidos pelo Papa Francisco, como o esp\u00edrito do acolhimento, da fraternidade e da alegria de ser crist\u00e3o. Eu senti isso no sorriso, no olhar dele para cada servidor\u201d, salienta Junior da Femac.<br \/>\nAcompanhado de diversos secret\u00e1rios municipais, diretores e demais funcion\u00e1rios, Junior da Femac conduziu a recep\u00e7\u00e3o, solicitando que cada um dos servidores presentes se apresentasse ao novo bispo, informando o nome e a fun\u00e7\u00e3o desempenhada. \u201cIsso para que o novo bispo possa ir se familiarizando com os rostos, as vozes e os nomes\u201d, refor\u00e7ou o vice-prefeito de Apucarana.<br \/>\nTamb\u00e9m participaram da recep\u00e7\u00e3o o padre Jo\u00e3o Oz\u00f3rio de Oliveira, administrador da Diocese de Apucarana desde o in\u00edcio da vac\u00e2ncia do cargo, a irm\u00e3 Geovana Ramos, diretora do Hospital da Provid\u00eancia, o juiz Osvaldo Soares Neto, o deputado estadual eleito Arilson Chiorato, o vereador Luciano Augusto Molina, presidente eleito do Legislativo, e o vereador Ant\u00f4nio Marques da Silva, o Marcos da Vila Reis.<br \/>\nO novo bispo foi presenteado com dois livros: um sobre a hist\u00f3ria de Apucarana, coordenado pelo gestor cultural Rog\u00e9rio Carnasciali, e outro sobre os 50 anos da Diocese de Apucarana, escrito pelo historiador e jornalista Francisco Soares Dias Sobrinho. O monsenhor tamb\u00e9m recebeu um kit com bon\u00e9s personalizados, ostentando palavras como aben\u00e7oado, paz, gratid\u00e3o, f\u00e9 e Jesus. \u201cEntregamos para ele esse artigo do vestu\u00e1rio que \u00e9 o s\u00edmbolo de Apucarana para o Brasil e o mundo, trazendo dizeres que traduzem tudo aquilo que desejamos ao bispo nomeado de Apucarana\u201d, observa Junior da Femac.<br \/>\nO monsenhor foi nomeado bispo da Diocese de Apucarana pelo Papa Francisco no dia 12 de dezembro, um dia antes de a vac\u00e2ncia completar um ano. \u201cParab\u00e9ns por ter sido escolhido pelo Papa Francisco. A gente aqui em Apucarana tem procurado colocar em pr\u00e1tica, em cada uma das a\u00e7\u00f5es e dos programas municipais, o que o Papa tem passado em termos de conceitos, ideias e valores\u201d, frisa Junior da Femac.<br \/>\nO vice-prefeito disse que o novo bispo encontrar\u00e1 em Apucarana uma Igreja Cat\u00f3lica muito forte e organizada, ressaltando tamb\u00e9m\u00a0 as outras denomina\u00e7\u00f5es religiosas. \u201cTenho certeza que o senhor ter\u00e1 muitos momentos maravilhosos em Apucarana, assim como essa recep\u00e7\u00e3o aqui na Prefeitura. Foi um momento maravilhoso de conversa, em que interagimos e brincamos, e tamb\u00e9m sentimos essa vontade do monsenhor de estar em Apucarana \u201d, ressalta Junior da Femac.<br \/>\nJunior da Femac tamb\u00e9m enalteceu o trabalho desenvolvido pelo padre Jo\u00e3o Oz\u00f3rio de Oliveira, nomeado administrador da Diocese ap\u00f3s a transfer\u00eancia do bispo Dom Celso Marchiori. \u201cO padre Jo\u00e3o Oz\u00f3rio fez neste per\u00edodo de um ano e continua fazendo um excelente trabalho, mantendo a serenidade e a paz no \u00e2mbito da Diocese\u201d, observa Junior da Femac.<br \/>\nMuitos servidores do Executivo e do Legislativo, ao se apresentarem, tamb\u00e9m fizeram breve relato das suas atua\u00e7\u00f5es nas comunidades cat\u00f3licas. O vereador Ant\u00f4nio Marques da Silva, o Marcos da Vila Reis, citou o seu trabalho junto ao movimento da renova\u00e7\u00e3o carism\u00e1tica da Igreja Cat\u00f3lica. \u201cEu trabalho com muitas fam\u00edlias e perten\u00e7o ao Santu\u00e1rio S\u00e3o Jos\u00e9. Espero que o seu tempo aqui na Diocese seja longo. Para mim, como crist\u00e3o, essa foi maior alegria deste \u00faltimo ano: receber o an\u00fancio da nomea\u00e7\u00e3o e agora poder receber o novo bispo em nosso meio\u201d, destacou Marcos da Vila Reis.<br \/>\nAp\u00f3s as boas-vindas, o monsenhor afirmou que todos s\u00e3o servidores de alguma forma. \u201cVoc\u00eas est\u00e3o fazendo acontecer Apucarana, essa cidade t\u00e3o bonita e t\u00e3o acolhedora. N\u00f3s todos, cada um na sua fun\u00e7\u00e3o e na sua \u00e1rea de atua\u00e7\u00e3o, desejamos \u00e9 a constru\u00e7\u00e3o de um mundo melhor. Minha palavra \u00e9 de profunda gratid\u00e3o. Eu n\u00e3o esperava toda essa acolhida\u201d, disse, mostrando surpresa com a acalorada recep\u00e7\u00e3o.<br \/>\nO novo bispo afirmou ainda que vem para uma \u201cgrande diocese e uma grande cidade\u201d. \u201cVenho, humildemente, para uma grande cidade e uma diocese t\u00e3o organizada e t\u00e3o ativa. Se Deus chama, vamos confiando na gra\u00e7a de Deus, atrav\u00e9s da escolha do Santo Padre, o Papa\u201d, disse o monsenhor, que durante a visita estava acompanhado dos padres Paulo Bronzato, assessor da Pastoral de Comunica\u00e7\u00e3o da Diocese de Botucatu (SP) , e de Adauto Jos\u00e9 Martins, que assumir\u00e1 o Santu\u00e1rio Nossa Senhora da Piedade, de Len\u00e7\u00f3is Paulista (SP), no lugar do monsenhor\u00a0 Carlos Jos\u00e9 de Oliveira.<br \/>\n<strong>POSSE \u2013<\/strong> De acordo com o atual administrador da Diocese de Apucarana, padre Jo\u00e3o Oz\u00f3rio de Oliveira, a vac\u00e2ncia \u00e9 um processo que ocorre quando um bispo \u00e9 transferido ou quando morre. \u00a0\u201cA pergunta que eu mais respondi \u00e9 quando vem o novo bispo e eu sempre disse que o novo bispo est\u00e1 sendo gerado no cora\u00e7\u00e3o de Deus. De fato, foram 10 meses de gesta\u00e7\u00e3o ap\u00f3s a sa\u00edda de Dom Celso. E, por ocasi\u00e3o do Natal, a nomea\u00e7\u00e3o \u00e9 o grande presente para Apucarana\u201d, salienta.<br \/>\nO dia da posse do novo bispo ainda n\u00e3o est\u00e1 definido e dever\u00e1 ser divulgado brevemente. \u201c\u00c9 bem prov\u00e1vel que seja antes da P\u00e1scoa, porque o bispo quando \u00e9 escolhido ele tem quatro meses para tomar posse. Primeiro, ele tem que ser ordenado bispo, o que deve acontecer em mar\u00e7o e depois da ordena\u00e7\u00e3o ele tem at\u00e9 30 dias para tomar posse\u201d, esclarece o padre Jo\u00e3o Os\u00f3rio.<br \/>\n<strong>QUEM \u00c9 O NOVO BISPO<br \/>\n<\/strong>O Monsenhor Carlos Jos\u00e9 de Oliveira nasceu dia 17 de outubro de 1967 em Botucatu (SP) primog\u00eanito de Mario Salvador de Oliveira e Maria Aparecida Santi de Oliveira. O seu ingresso para a vida religiosa se deu no semin\u00e1rio S\u00e3o Jos\u00e9, a partir de onde cursou filosofia e teologia na Pontif\u00edcia Faculdade Nossa Senhora da Assun\u00e7\u00e3o de S\u00e3o Paulo.<br \/>\nFoi ordenado di\u00e1cono no dia 8 de dezembro de 1991 e sacerdote em 4 de Outubro de 1992. De 1994 a 1996 fez o mestrado em Teologia na Pontif\u00edcia Universidade Gregoriana, em Roma. Em 2016 defendeu sua tese de doutorado em Teologia pela PUC Rio de Janeiro. Retornando de Roma, em 1996, assumiu como p\u00e1roco\/reitor do santu\u00e1rio Nossa Senhora da Piedade, na cidade de Len\u00e7\u00f3is Paulista (SP), arquidiocese de Botucatu, onde se encontra at\u00e9 hoje.<br \/>\nO religioso assumiu e desenvolveu, entre outras, as seguintes fun\u00e7\u00f5es na arquidiocese e prov\u00edncia eclesi\u00e1stica: assessor da Pastoral Familiar, professor de Teologia na Faculdade Jo\u00e3o Paulo II, em Mar\u00edlia (SP), foi respons\u00e1vel pelo Jornal Monitor Diocesano e assessor do Encontro de Casais com Cristo (ECC) da Arquidiocese, Coordenador arquidiocesano de Pastoral, Coordenador de Pastoral da prov\u00edncia eclesi\u00e1stica de Botucatu. Al\u00e9m disto, foi fundador e presidente da casa de acolhida &#8220;M\u00e3e da Piedade&#8221; para moradores de rua e t\u00f3xico-dependentes, \u00e9 vig\u00e1rio geral da Arquidiocese, coordenou o Conselho de Presb\u00edteros e assumiu a fun\u00e7\u00e3o de Assessor da Renova\u00e7\u00e3o Carism\u00e1tica Cat\u00f3lica.<\/p>\n","protected":false},"excerpt":{"rendered":"<p>\u201cPercebi, nas palavras do monsenhor Carlos Jos\u00e9 de Oliveira , que \u00e9 uma pessoa preparada e de Deus e que coloca em pr\u00e1tica os valores defendidos pelo Papa Francisco&#8221;, disse Junior da Femac, ao recepcionar o novo bispo junto com servidores do Executivo e do Legislativo.  (Fotos: Edson Denobi)<\/p>\n","protected":false},"author":4,"featured_media":20245,"comment_status":"closed","ping_status":"open","sticky":false,"template":"","format":"standard","meta":{"footnotes":""},"categories":[24],"tags":[],"class_list":["post-20227","post","type-post","status-publish","format-standard","has-post-thumbnail","hentry","category-noticias"],"acf":[],"_links":{"self":[{"href":"http:\/\/www.apucarana.pr.gov.br\/site\/wp-json\/wp\/v2\/posts\/20227","targetHints":{"allow":["GET"]}}],"collection":[{"href":"http:\/\/www.apucarana.pr.gov.br\/site\/wp-json\/wp\/v2\/posts"}],"about":[{"href":"http:\/\/www.apucarana.pr.gov.br\/site\/wp-json\/wp\/v2\/types\/post"}],"author":[{"embeddable":true,"href":"http:\/\/www.apucarana.pr.gov.br\/site\/wp-json\/wp\/v2\/users\/4"}],"replies":[{"embeddable":true,"href":"http:\/\/www.apucarana.pr.gov.br\/site\/wp-json\/wp\/v2\/comments?post=20227"}],"version-history":[{"count":1,"href":"http:\/\/www.apucarana.pr.gov.br\/site\/wp-json\/wp\/v2\/posts\/20227\/revisions"}],"predecessor-version":[{"id":100853,"href":"http:\/\/www.apucarana.pr.gov.br\/site\/wp-json\/wp\/v2\/posts\/20227\/revisions\/100853"}],"wp:featuredmedia":[{"embeddable":true,"href":"http:\/\/www.apucarana.pr.gov.br\/site\/wp-json\/"}],"wp:attachment":[{"href":"http:\/\/www.apucarana.pr.gov.br\/site\/wp-json\/wp\/v2\/media?parent=20227"}],"wp:term":[{"taxonomy":"category","embeddable":true,"href":"http:\/\/www.apucarana.pr.gov.br\/site\/wp-json\/wp\/v2\/categories?post=20227"},{"taxonomy":"post_tag","embeddable":true,"href":"http:\/\/www.apucarana.pr.gov.br\/site\/wp-json\/wp\/v2\/tags?post=20227"}],"curies":[{"name":"wp","href":"https:\/\/api.w.org\/{rel}","templated":true}]}}