{"id":20214,"date":"2018-12-19T17:30:46","date_gmt":"2018-12-19T19:30:46","guid":{"rendered":"http:\/\/172.16.0.7\/site-antigo\/?p=20214"},"modified":"2024-10-08T09:17:27","modified_gmt":"2024-10-08T12:17:27","slug":"combate-ao-tabagismo-do-centro-odontologico-forma-novos-grupos-em-2019","status":"publish","type":"post","link":"http:\/\/www.apucarana.pr.gov.br\/site\/combate-ao-tabagismo-do-centro-odontologico-forma-novos-grupos-em-2019\/","title":{"rendered":"Combate ao tabagismo do Centro Odontol\u00f3gico forma novos grupos em 2019"},"content":{"rendered":"<p>O resultado positivo do primeiro grupo de Combate ao Tabagismo formado pelo Centro de Especialidades Odontol\u00f3gicas (CEO), da Autarquia Municipal de Sa\u00fade de Apucarana, garantiu a continuidade da iniciativa para o pr\u00f3ximo ano. Dos 31 participantes do grupo encerrado hoje, 17 pararam de fumar.<br \/>\nOs integrantes do primeiro grupo de Combate ao Tabagismo do CEO, participaram durante 3 meses de reuni\u00f5es conduzidas, atrav\u00e9s de orienta\u00e7\u00f5es e palestras, pelo m\u00e9dico Osvaldo Zardo para ajudar as pessoas parar de fumar e, consequentemente, eliminar um dos fatores de risco do c\u00e2ncer bucal.<br \/>\nUma das integrantes grupo de Combate ao Tabagismo do CEO, Sirlei Aparecida Ribeiro, participou da primeira reuni\u00e3o, no in\u00edcio de outubro, com a sa\u00fade debilitada por causa dos dois ma\u00e7os de cigarro que fumava diariamente. \u201cFui atendida no UPA v\u00e1rias vezes com muita dificuldade de respirar. Hoje sou outra pessoa, estou sem fumar h\u00e1 40 dias e minha sa\u00fade est\u00e1 bem melhor. Todos que convivem comigo comentam o quanto eu mudei. Pessoas no meu trabalho querem participar dos pr\u00f3ximos grupos para parar de fumar devido ao meu exemplo\u201d, comenta Sirlei.<br \/>\nO m\u00e9dico Osvaldo Zardo manifestou a sua disposi\u00e7\u00e3o de conduzir novos grupos no pr\u00f3ximo ano. \u201cVoc\u00eas v\u00e3o ser o exemplo para os que vir\u00e3o. S\u00e3o exemplo de algu\u00e9m que teve determina\u00e7\u00e3o para parar de fumar\u201d, disse Zardo.<br \/>\nO coordenador do Departamento de Odontologia da AMS, Cesar Verona, informa que o per\u00edodo de inscri\u00e7\u00f5es para o novo grupo de Combate ao Tabagismo ser\u00e1 divulgado amplamente no in\u00edcio do pr\u00f3ximo ano.\u00a0 \u201cA iniciativa visa ajudar as pessoas parar de fumar e, consequentemente, eliminar um dos fatores de risco do c\u00e2ncer bucal\u201d, destaca Verona.<br \/>\nO tratamento no munic\u00edpio \u00e9 desenvolvido dentro do Programa Nacional de Combate ao Tabagismo, ofertado pelo Minist\u00e9rio da Sa\u00fade desde 2002, em parceria com o Instituto Nacional de C\u00e2ncer (INCA). O programa \u00e9 embasado em 4 cartilhas que s\u00e3o oferecidas para que o fumante conhe\u00e7a a forma de se livrar do h\u00e1bito de fumar com orienta\u00e7\u00e3o, bem como no uso de medicamento para combater a \u2018fissura\u2019 (s\u00edndrome de abstin\u00eancia), de adesivo de nicotina e goma de mascar de nicotina.<\/p>\n","protected":false},"excerpt":{"rendered":"<p>Dos 31 participantes do grupo encerrado hoje, 17 pararam de fumar (Fotos &#8211; Edson Denobi)<\/p>\n","protected":false},"author":4,"featured_media":20215,"comment_status":"closed","ping_status":"open","sticky":false,"template":"","format":"standard","meta":{"footnotes":""},"categories":[24],"tags":[],"class_list":["post-20214","post","type-post","status-publish","format-standard","has-post-thumbnail","hentry","category-noticias"],"acf":[],"_links":{"self":[{"href":"http:\/\/www.apucarana.pr.gov.br\/site\/wp-json\/wp\/v2\/posts\/20214","targetHints":{"allow":["GET"]}}],"collection":[{"href":"http:\/\/www.apucarana.pr.gov.br\/site\/wp-json\/wp\/v2\/posts"}],"about":[{"href":"http:\/\/www.apucarana.pr.gov.br\/site\/wp-json\/wp\/v2\/types\/post"}],"author":[{"embeddable":true,"href":"http:\/\/www.apucarana.pr.gov.br\/site\/wp-json\/wp\/v2\/users\/4"}],"replies":[{"embeddable":true,"href":"http:\/\/www.apucarana.pr.gov.br\/site\/wp-json\/wp\/v2\/comments?post=20214"}],"version-history":[{"count":1,"href":"http:\/\/www.apucarana.pr.gov.br\/site\/wp-json\/wp\/v2\/posts\/20214\/revisions"}],"predecessor-version":[{"id":100854,"href":"http:\/\/www.apucarana.pr.gov.br\/site\/wp-json\/wp\/v2\/posts\/20214\/revisions\/100854"}],"wp:featuredmedia":[{"embeddable":true,"href":"http:\/\/www.apucarana.pr.gov.br\/site\/wp-json\/"}],"wp:attachment":[{"href":"http:\/\/www.apucarana.pr.gov.br\/site\/wp-json\/wp\/v2\/media?parent=20214"}],"wp:term":[{"taxonomy":"category","embeddable":true,"href":"http:\/\/www.apucarana.pr.gov.br\/site\/wp-json\/wp\/v2\/categories?post=20214"},{"taxonomy":"post_tag","embeddable":true,"href":"http:\/\/www.apucarana.pr.gov.br\/site\/wp-json\/wp\/v2\/tags?post=20214"}],"curies":[{"name":"wp","href":"https:\/\/api.w.org\/{rel}","templated":true}]}}