{"id":20205,"date":"2018-12-19T16:15:48","date_gmt":"2018-12-19T18:15:48","guid":{"rendered":"http:\/\/172.16.0.7\/site-antigo\/?p=20205"},"modified":"2024-10-08T09:17:27","modified_gmt":"2024-10-08T12:17:27","slug":"renovacao-de-alvaras-pode-ser-feita-pela-internet-em-apucarana","status":"publish","type":"post","link":"http:\/\/www.apucarana.pr.gov.br\/site\/renovacao-de-alvaras-pode-ser-feita-pela-internet-em-apucarana\/","title":{"rendered":"Renova\u00e7\u00e3o de alvar\u00e1s pode ser feita pela internet em Apucarana"},"content":{"rendered":"<p>Com a presen\u00e7a de representantes de 67 escrit\u00f3rios de contabilidade, o Departamento Municipal de Cadastro Mobili\u00e1rio repassou nesta ter\u00e7a-feira (18\/12), em evento no sal\u00e3o nobre da Prefeitura de Apucarana, as novidades do processo de moderniza\u00e7\u00e3o do sistema de processos municipal. O chamado \u201cProtocolo Web\u201d, dispon\u00edvel atrav\u00e9s do site www.apucarana.pr.gov.br, aprimora o relacionamento entre Secretaria da Fazenda e profissionais contadores oferecendo acesso remoto, via internet, de diversos servi\u00e7os.<br \/>\n\u201cAtrav\u00e9s desta plataforma, por exemplo, pode-se acessar e protocolar pedidos de renova\u00e7\u00e3o de alvar\u00e1 de licen\u00e7a e de funcionamento 2019 e anexar todos os documentos necess\u00e1rios para a libera\u00e7\u00e3o de in\u00fameras autoriza\u00e7\u00f5es como vistoria da vigil\u00e2ncia sanit\u00e1ria, certificado de vistoria do estabelecimento pelo Corpo de Bombeiros, licen\u00e7as ambientais municipal e estadual, certificado de inspe\u00e7\u00e3o municipal, entre outros\u201d, detalha Sueli Aparecida de Freitas Pereira, superintendente de Tributa\u00e7\u00e3o.<br \/>\nO prefeito Beto Preto (PSD) salienta que o \u201cProtocolo Web\u201d est\u00e1 dentro da pol\u00edtica de aprimoramento e moderniza\u00e7\u00e3o dos processos administrativos da Prefeitura de Apucarana. \u201cEssa a\u00e7\u00e3o, apresentada com detalhes aos contadores da cidade, objetiva oferecer maior comodidade ao contribuinte (empres\u00e1rio) e tamb\u00e9m rapidez na utiliza\u00e7\u00e3o do protocolo, visto que com essa ferramenta n\u00e3o h\u00e1 mais a necessidade de se deslocar at\u00e9 a prefeitura para o procedimento\u201d, comenta o prefeito.<br \/>\nO \u201cProtocolo Web\u201d est\u00e1 dentro da Central da Cidadania, alojada no Portal da Prefeitura de Apucarana e funciona como canal de relacionamento entre o Munic\u00edpio e o cidad\u00e3o. \u201cPara ter acesso aos servi\u00e7os, basta acessar o site, rolar a p\u00e1gina at\u00e9 o quatro \u201cAcesso R\u00e1pido\u201d, clicar em \u201cProtocolo Web\u201d e realizar um cadastro de dados com login e senha de usu\u00e1rio\u201d, orienta Sueli Aparecida de Freitas Pereira, superintendente de Tributa\u00e7\u00e3o. <\/p>\n","protected":false},"excerpt":{"rendered":"<p>Ferramenta \u201cProtocolo Web\u201d est\u00e1 dentro da Central da Cidadania, alojada no portal da prefeitura e funciona como canal de relacionamento entre o Munic\u00edpio e o cidad\u00e3o (Foto: Edson Denobi)<\/p>\n","protected":false},"author":4,"featured_media":20206,"comment_status":"closed","ping_status":"open","sticky":false,"template":"","format":"standard","meta":{"footnotes":""},"categories":[24],"tags":[],"class_list":["post-20205","post","type-post","status-publish","format-standard","has-post-thumbnail","hentry","category-noticias"],"acf":[],"_links":{"self":[{"href":"http:\/\/www.apucarana.pr.gov.br\/site\/wp-json\/wp\/v2\/posts\/20205","targetHints":{"allow":["GET"]}}],"collection":[{"href":"http:\/\/www.apucarana.pr.gov.br\/site\/wp-json\/wp\/v2\/posts"}],"about":[{"href":"http:\/\/www.apucarana.pr.gov.br\/site\/wp-json\/wp\/v2\/types\/post"}],"author":[{"embeddable":true,"href":"http:\/\/www.apucarana.pr.gov.br\/site\/wp-json\/wp\/v2\/users\/4"}],"replies":[{"embeddable":true,"href":"http:\/\/www.apucarana.pr.gov.br\/site\/wp-json\/wp\/v2\/comments?post=20205"}],"version-history":[{"count":1,"href":"http:\/\/www.apucarana.pr.gov.br\/site\/wp-json\/wp\/v2\/posts\/20205\/revisions"}],"predecessor-version":[{"id":100855,"href":"http:\/\/www.apucarana.pr.gov.br\/site\/wp-json\/wp\/v2\/posts\/20205\/revisions\/100855"}],"wp:featuredmedia":[{"embeddable":true,"href":"http:\/\/www.apucarana.pr.gov.br\/site\/wp-json\/"}],"wp:attachment":[{"href":"http:\/\/www.apucarana.pr.gov.br\/site\/wp-json\/wp\/v2\/media?parent=20205"}],"wp:term":[{"taxonomy":"category","embeddable":true,"href":"http:\/\/www.apucarana.pr.gov.br\/site\/wp-json\/wp\/v2\/categories?post=20205"},{"taxonomy":"post_tag","embeddable":true,"href":"http:\/\/www.apucarana.pr.gov.br\/site\/wp-json\/wp\/v2\/tags?post=20205"}],"curies":[{"name":"wp","href":"https:\/\/api.w.org\/{rel}","templated":true}]}}