{"id":20188,"date":"2018-12-19T12:05:30","date_gmt":"2018-12-19T14:05:30","guid":{"rendered":"http:\/\/172.16.0.7\/site-antigo\/?p=20188"},"modified":"2024-10-08T09:17:27","modified_gmt":"2024-10-08T12:17:27","slug":"vice-prefeito-participa-de-encerramento-do-curso-de-massas","status":"publish","type":"post","link":"http:\/\/www.apucarana.pr.gov.br\/site\/vice-prefeito-participa-de-encerramento-do-curso-de-massas\/","title":{"rendered":"Apucarana garantiu qualifica\u00e7\u00e3o de mais de 15 mil em seis anos"},"content":{"rendered":"<p>Apucarana formou, desde 2013, mais de 15 mil pessoas em cursos profissionalizantes e de qualifica\u00e7\u00e3o, o que equivale a mais de 10% da popula\u00e7\u00e3o, uma marca hist\u00f3rica na prepara\u00e7\u00e3o para o mercado de trabalho. O \u00faltimo curso de 2018 foi encerrado ontem no Centro de Qualifica\u00e7\u00e3o Total, coordenado pela Secretaria Municipal de Assist\u00eancia Social, atrav\u00e9s da Prefeitura de Apucarana.<br \/>\nEsta turma se capacitou na produ\u00e7\u00e3o de massas diversas, a \u00faltima aula contou com a visita do vice-prefeito, Sebasti\u00e3o Ferreira Martins Junior (Junior da Femac), que interagiu e incentivou os adolescentes a se aperfei\u00e7oarem e a empreender nesta \u00e1rea. \u201cO mercado precisa de jovens preparados e com vontade. Se houver dedica\u00e7\u00e3o e, se quiserem, poder\u00e3o abrir sua pr\u00f3pria pizzaria, ou, casa de massas\u201d, incentivou J\u00fanior da Femac.<br \/>\nDurante um m\u00eas, onze adolescentes participaram do curso. Neste per\u00edodo, eles aprenderam a confeccionar empadas, coxinhas, esfihas, p\u00e3o de minuto, bolinha de queijo e ris\u00f3les. No encerramento das aulas, ocorrido nesta quarta-feira (19\/12), na cozinha industrial do Centro de Qualifica\u00e7\u00e3o Total, localizado no Jardim Am\u00e9rica, eles aprenderam as t\u00e9cnicas de um pizzaiolo.<br \/>\nO vice-prefeito destaca as dezenas de cursos comprados pelo munic\u00edpio, e oferecidos gratuitamente \u00e0 popula\u00e7\u00e3o. \u201cEsses cursos foram ministrados atrav\u00e9s de parcerias com o Senac, Senai, Senat, Senar, Sesc, CIEE, Programa Pr\u00e9-aprendiz e por meio do antigo Pronatec, al\u00e9m de cursos com professores do Centro de Qualifica\u00e7\u00e3o Total e do Centro de Oficinas da Mulher\u201d, cita Junior da Femac.<br \/>\nDe acordo com ele, Apucarana \u00e9 um dos munic\u00edpios que mais capacita a m\u00e3o de obra no Paran\u00e1. \u201cS\u00e3o 15 mil pessoas j\u00e1 capacitadas num universo de cerca de 130 mil habitantes. \u00c9 uma estrat\u00e9gia fundamental na gera\u00e7\u00e3o de renda, especialmente em momentos de crise da economia, quando muitos trabalhadores investem na abertura do pr\u00f3prio neg\u00f3cio\u201d, avalia Junior da Femac.<br \/>\nO diretor da Qualifica\u00e7\u00e3o Profissional do Munic\u00edpio, Miguel Luis Vilas Boas atualizou os n\u00fameros informando que neste ano foram capacitadas mais de 1.800 pessoas. \u201cAs pessoas conseguem melhorar a sua qualidade de vida a partir do conhecimento, da qualifica\u00e7\u00e3o profissional, tanto para ingressar no mercado de trabalho quanto para vencer o desemprego. Ao mesmo tempo, as pessoas se sentem motivadas a investir no seu talento e muitas tamb\u00e9m acabam criando o seu pr\u00f3prio neg\u00f3cio\u201d, pontua Vilas Boas.<br \/>\nNo curso de massas, os adolescentes foram encaminhados pela Secretaria Municipal de Assist\u00eancia Social. De acordo com Ana Maria Schmidt, t\u00e9cnica do Centro de Refer\u00eancia Especializado da Assist\u00eancia Social (Creas), os cursos s\u00e3o definidos a partir de pesquisas feitas junto aos adolescentes. \u201cPerguntamos o que eles gostariam de fazer. Temos sempre um olhar para cursos que atendam os adolescentes, bem como as suas fam\u00edlias\u201d, observa Ana Maria, acrescentando que as aulas do curso de massas foram ministradas pela chefe de cozinha Cl\u00e1udia Isabela Biazzi.<\/p>\n","protected":false},"excerpt":{"rendered":"<p>Vice-prefeito Junior da Femac  participou ontem do encerramento de mais um curso que capacitou jovens para o mercado de trabalho. (Fotos: Josias Profeta)<\/p>\n","protected":false},"author":4,"featured_media":20193,"comment_status":"closed","ping_status":"open","sticky":false,"template":"","format":"standard","meta":{"footnotes":""},"categories":[24],"tags":[],"class_list":["post-20188","post","type-post","status-publish","format-standard","has-post-thumbnail","hentry","category-noticias"],"acf":[],"_links":{"self":[{"href":"http:\/\/www.apucarana.pr.gov.br\/site\/wp-json\/wp\/v2\/posts\/20188","targetHints":{"allow":["GET"]}}],"collection":[{"href":"http:\/\/www.apucarana.pr.gov.br\/site\/wp-json\/wp\/v2\/posts"}],"about":[{"href":"http:\/\/www.apucarana.pr.gov.br\/site\/wp-json\/wp\/v2\/types\/post"}],"author":[{"embeddable":true,"href":"http:\/\/www.apucarana.pr.gov.br\/site\/wp-json\/wp\/v2\/users\/4"}],"replies":[{"embeddable":true,"href":"http:\/\/www.apucarana.pr.gov.br\/site\/wp-json\/wp\/v2\/comments?post=20188"}],"version-history":[{"count":1,"href":"http:\/\/www.apucarana.pr.gov.br\/site\/wp-json\/wp\/v2\/posts\/20188\/revisions"}],"predecessor-version":[{"id":100857,"href":"http:\/\/www.apucarana.pr.gov.br\/site\/wp-json\/wp\/v2\/posts\/20188\/revisions\/100857"}],"wp:featuredmedia":[{"embeddable":true,"href":"http:\/\/www.apucarana.pr.gov.br\/site\/wp-json\/"}],"wp:attachment":[{"href":"http:\/\/www.apucarana.pr.gov.br\/site\/wp-json\/wp\/v2\/media?parent=20188"}],"wp:term":[{"taxonomy":"category","embeddable":true,"href":"http:\/\/www.apucarana.pr.gov.br\/site\/wp-json\/wp\/v2\/categories?post=20188"},{"taxonomy":"post_tag","embeddable":true,"href":"http:\/\/www.apucarana.pr.gov.br\/site\/wp-json\/wp\/v2\/tags?post=20188"}],"curies":[{"name":"wp","href":"https:\/\/api.w.org\/{rel}","templated":true}]}}