{"id":19920,"date":"2018-12-11T17:55:18","date_gmt":"2018-12-11T19:55:18","guid":{"rendered":"http:\/\/172.16.0.7\/site-antigo\/?p=19920"},"modified":"2024-10-08T09:17:29","modified_gmt":"2024-10-08T12:17:29","slug":"secretaria-da-mulher-entrega-certificados-a-160-formandas","status":"publish","type":"post","link":"http:\/\/www.apucarana.pr.gov.br\/site\/secretaria-da-mulher-entrega-certificados-a-160-formandas\/","title":{"rendered":"Secretaria da Mulher entrega certificados a 160 formandas"},"content":{"rendered":"<p>Nesta ter\u00e7a-feira (11\/12), 160 alunas receberam o certificado de conclus\u00e3o dos cursos profissionalizantes gratuitos oferecidos pelo Centro de Oficinas da Mulher, em cerim\u00f4nia na Pra\u00e7a CEU, com a presen\u00e7a do vice-prefeito J\u00fanior da Femac, da secret\u00e1ria da Mulher e Assuntos da Fam\u00edlia, Denise Canesin Machado, da secret\u00e1ria de Esportes e da Juventude, Jossuela Pinheiro, e do secret\u00e1rio da Agricultura Jos\u00e9 Luiz Porto.<br \/>\nO vice-prefeito salientou que a qualifica\u00e7\u00e3o profissional sempre foi muito importante. \u201cNo per\u00edodo entre 2013 e 2018, a nossa gest\u00e3o, capitaneada pelo prefeito Beto Preto, adquiriu 166 diferentes cursos profissionalizantes, com um investimento da ordem de R$900 mil. Viabilizamos a forma\u00e7\u00e3o de mais de 15 mil pessoas, incluindo o Pronatec, e vagas ofertadas via Assist\u00eancia Social, com a Qualifica\u00e7\u00e3o Total, e a Secretaria da Mulher\u201d, lembrou Junior da Femac.<br \/>\nAs alunas conclu\u00edram os cursos de cabelo e est\u00e9tica, corte e costura e costura no \u00f4nibus itinerante \u2013 na qual elas aprendem no pr\u00f3prio bairro, j\u00e1 que as aulas s\u00e3o dentro de um \u00f4nibus. Monaisa Fernanda de Oliveira, de 31 anos, foi uma das formandas. Ela concluiu o curso de depila\u00e7\u00e3o e j\u00e1 est\u00e1 trabalhando na \u00e1rea. \u201cAmei fazer o curso. Ano que vem quero ir atr\u00e1s de outro, quero fazer o curso de cabeleireira\u201d, disse.<br \/>\nA secret\u00e1ria Denise Canesin explica que os cursos profissionalizantes s\u00e3o uma maneira da mulher lutar pela pr\u00f3pria autonomia, pela pr\u00f3pria independ\u00eancia. \u201cAs mulheres s\u00e3o persistentes. Elas podem, se preparadas para tal, buscar o caminho do empreendedorismo, ter um neg\u00f3cio pr\u00f3prio. De qualquer maneira, elas buscam e t\u00eam o protagonismo feminino, o ser voc\u00ea independente do outro\u201d, afirma.<br \/>\nDesigner de sobrancelha e manicure foram os cursos escolhidos pela formanda Jully Ribeiro, de 30 anos, que come\u00e7ou a ter clientes no sal\u00e3o em que trabalha depois de conclu\u00ed-los. \u201cCheguei h\u00e1 tr\u00eas anos de Maring\u00e1 e tive muita dificuldade em conseguir emprego\u201d, conta. \u201cAgora, os cursos abriram uma nova porta para mim. Ano que vem quero ver se consigo fazer o curso de cabeleireira. Quem sabe se futuramente posso ter meu pr\u00f3prio neg\u00f3cio?\u201d<br \/>\n&nbsp;<br \/>\n&nbsp;<\/p>\n","protected":false},"excerpt":{"rendered":"<p>Centro de Oficinas forma alunas nos cursos de cabelo e est\u00e9tica, corte e costura e costura no \u00f4nibus itinerante no 2\u00ba semestre<br \/>\n(Fotos: Edson Denobi)<\/p>\n","protected":false},"author":4,"featured_media":19922,"comment_status":"closed","ping_status":"open","sticky":false,"template":"","format":"standard","meta":{"footnotes":""},"categories":[24],"tags":[],"class_list":["post-19920","post","type-post","status-publish","format-standard","has-post-thumbnail","hentry","category-noticias"],"acf":[],"_links":{"self":[{"href":"http:\/\/www.apucarana.pr.gov.br\/site\/wp-json\/wp\/v2\/posts\/19920","targetHints":{"allow":["GET"]}}],"collection":[{"href":"http:\/\/www.apucarana.pr.gov.br\/site\/wp-json\/wp\/v2\/posts"}],"about":[{"href":"http:\/\/www.apucarana.pr.gov.br\/site\/wp-json\/wp\/v2\/types\/post"}],"author":[{"embeddable":true,"href":"http:\/\/www.apucarana.pr.gov.br\/site\/wp-json\/wp\/v2\/users\/4"}],"replies":[{"embeddable":true,"href":"http:\/\/www.apucarana.pr.gov.br\/site\/wp-json\/wp\/v2\/comments?post=19920"}],"version-history":[{"count":1,"href":"http:\/\/www.apucarana.pr.gov.br\/site\/wp-json\/wp\/v2\/posts\/19920\/revisions"}],"predecessor-version":[{"id":100878,"href":"http:\/\/www.apucarana.pr.gov.br\/site\/wp-json\/wp\/v2\/posts\/19920\/revisions\/100878"}],"wp:featuredmedia":[{"embeddable":true,"href":"http:\/\/www.apucarana.pr.gov.br\/site\/wp-json\/"}],"wp:attachment":[{"href":"http:\/\/www.apucarana.pr.gov.br\/site\/wp-json\/wp\/v2\/media?parent=19920"}],"wp:term":[{"taxonomy":"category","embeddable":true,"href":"http:\/\/www.apucarana.pr.gov.br\/site\/wp-json\/wp\/v2\/categories?post=19920"},{"taxonomy":"post_tag","embeddable":true,"href":"http:\/\/www.apucarana.pr.gov.br\/site\/wp-json\/wp\/v2\/tags?post=19920"}],"curies":[{"name":"wp","href":"https:\/\/api.w.org\/{rel}","templated":true}]}}