{"id":19873,"date":"2018-12-10T16:28:32","date_gmt":"2018-12-10T18:28:32","guid":{"rendered":"http:\/\/172.16.0.7\/site-antigo\/?p=19873"},"modified":"2024-10-08T09:17:29","modified_gmt":"2024-10-08T12:17:29","slug":"audiencia-confirma-orcamento-64-maior-em-2019","status":"publish","type":"post","link":"http:\/\/www.apucarana.pr.gov.br\/site\/audiencia-confirma-orcamento-64-maior-em-2019\/","title":{"rendered":"Audi\u00eancia confirma or\u00e7amento 6,4% maior em 2019"},"content":{"rendered":"<p>Em \u00faltima audi\u00eancia p\u00fablica antes da aprova\u00e7\u00e3o final por parte dos vereadores, a Prefeitura de Apucarana confirmou a previs\u00e3o de arrecada\u00e7\u00e3o para 2019. A estimativa de que entrem R$372.703.049,05 nos cofres municipais ao longo do pr\u00f3ximo ano, j\u00e1 apontada em meados do m\u00eas de setembro, foi ratificada nesta segunda-feira (10\/12) pela Secretaria Municipal da Fazenda. O detalhamento do projeto da Lei Or\u00e7ament\u00e1ria Anual (LOA) para o pr\u00f3ximo exerc\u00edcio foi feita no plen\u00e1rio da C\u00e2mara de Vereadores por Elin\u00e9sio Lopes Santana J\u00fanior, assistente do secret\u00e1rio Municipal da Fazenda, Marcello Augusto Machado. O montante estimado \u00e9 6,4% maior do que o or\u00e7amento previsto para este ano, que deve fechar em R$350.286.410,32. \u201cEstamos tratando de proposta de or\u00e7amento p\u00fablico, que \u00e9 uma previs\u00e3o de recursos que ser\u00e3o arrecadados no ano, e da lei, que \u00e9 um documento com a especifica\u00e7\u00e3o de onde esses recursos ser\u00e3o investidos\u201d, salientou J\u00fanior.<br \/>\nA LOA apresenta compatibilidade com a lei de diretrizes or\u00e7ament\u00e1rias (LDO) e com o plano plurianual (PPA), compreendendo detalhadamente uma previs\u00e3o dos or\u00e7amentos fiscal, da seguridade social e de investimentos com todos os programas, projetos, atividades e opera\u00e7\u00f5es especiais da administra\u00e7\u00e3o p\u00fablica municipal. Al\u00e9m de evolu\u00e7\u00e3o da receita e das despesas p\u00fablicas municipais ao longo dos \u00faltimos anos, J\u00fanior apresentou estimativas das principais receitas e despesas para o pr\u00f3ximo ano. Em 2019, pelo menos R$24 milh\u00f5es ser\u00e3o destinados ao pagamento de precat\u00f3rios e amortiza\u00e7\u00e3o da d\u00edvida p\u00fablica.<br \/>\nCom rela\u00e7\u00e3o \u00e0 aplica\u00e7\u00e3o dos \u00edndices constitucionais, a divis\u00e3o do or\u00e7amento total apresenta a seguinte previs\u00e3o: R$92.112.814,00 (24,71%) ser\u00e3o absorvidos pela Educa\u00e7\u00e3o, R$129.298.970,00 (34,69%) pela Sa\u00fade, R$129.279.224,40 (34,69%) pelas demais secretarias e R$10.007.025,25 (2,68%) pela Assist\u00eancia Social. Outros R$19 milh\u00f5es ser\u00e3o absorvidos por obras e aquisi\u00e7\u00e3o de novos equipamentos para a prefeitura e \u00f3rg\u00e3os centralizados, autarquias de Sa\u00fade e Educa\u00e7\u00e3o e para o Instituto de Desenvolvimento, Pesquisa e Planejamento de Apucarana (Idepplan). O duod\u00e9cimo a ser repassado \u00e0 C\u00e2mara de Vereadores em 2019 ser\u00e1 7,98% maior que em rela\u00e7\u00e3o a este ano, chegando a R$12.005.015,40.<br \/>\nO projeto da LOA 2019 ser\u00e1 agora avaliado uma \u00faltima vez pelas comiss\u00f5es de vereadores, que poder\u00e3o sugerir emendas. A mat\u00e9ria deve ser aprovada e devolvida ao Executivo Municipal at\u00e9 o dia 31 de dezembro para, ent\u00e3o, ser sancionada pelo prefeito Beto Preto.<br \/>\nHist\u00f3rico da evolu\u00e7\u00e3o da receita<br \/>\nExerc\u00edcio                   Valor                           \t\t% aumento<br \/>\n2015\t\t\tR$ 254.125.211,00       \t\t        7,04%<br \/>\n2016 \t\t\tR$ 292.617.847,78 \t\t  \t       15,15%<br \/>\n2017 \t\t\tR$ 310.691.199,85 \t\t\t        6,18%<br \/>\n2018 (previs\u00e3o) \tR$ 350.286.410,32\t\t\t       12,74%<br \/>\n2019 (previs\u00e3o)\t        R$ 372.703.049,05  \t\t                6,4%<br \/>\nHist\u00f3rico da evolu\u00e7\u00e3o da despesa<br \/>\nExerc\u00edcio \t\tRealizada\/Empenhada \t\t     Percentual<br \/>\n2015 \t\t\tR$ 260.404.438,85 \t\t\t10,9%<br \/>\n2016 \t\t\tR$ 306.423.287,78 \t\t\t17,6%<br \/>\n2017 \t\t\tR$ 302.077.090,03 \t\t\t-1,42%<br \/>\n2018 (Fixada) \t\tR$ 350.286.410,32 \t\t\t15,9%<br \/>\n2019 (Fixada) \t\tR$ 372.703.049,05 \t\t\t 6,4%<br \/>\nEstimativas das principais receitas em 2019<br \/>\nReceitas \t\t\t\tEstimativa<br \/>\nIPTU \t\t\t\t\tR$ 17.000.000,00*<br \/>\nIMPOSTO DE RENDA  \t\t        R$ 12.421.271,00<br \/>\nITBI \t\t\t\t\tR$ 6.325.000,00<br \/>\nISSQN \t\t\t\t        R$ 24.632.570,00<br \/>\nFPM \t\t\t\t\tR$ 59.000.000,00<br \/>\nICMS \t\t\t\t\tR$ 54.010.293,00<br \/>\nIPVA \t\t\t\t\tR$ 19.859.033,00<br \/>\nFUNDEB \t\t\t\t        R$ 56.871.729,00<br \/>\nTRANSFER\u00caNCIA SA\u00daDE \t                R$ 88.022.470,00<br \/>\n*(70% do valor lan\u00e7ado)<\/p>\n","protected":false},"excerpt":{"rendered":"<p>Plen\u00e1rio da C\u00e2mara de Vereadores recebeu nesta segunda-feira detalhamento do projeto da Lei Or\u00e7ament\u00e1ria Anual (LOA) para o pr\u00f3ximo exerc\u00edcio (Foto: Edson Denobi)<\/p>\n","protected":false},"author":4,"featured_media":19877,"comment_status":"closed","ping_status":"open","sticky":false,"template":"","format":"standard","meta":{"footnotes":""},"categories":[24],"tags":[],"class_list":["post-19873","post","type-post","status-publish","format-standard","has-post-thumbnail","hentry","category-noticias"],"acf":[],"_links":{"self":[{"href":"http:\/\/www.apucarana.pr.gov.br\/site\/wp-json\/wp\/v2\/posts\/19873","targetHints":{"allow":["GET"]}}],"collection":[{"href":"http:\/\/www.apucarana.pr.gov.br\/site\/wp-json\/wp\/v2\/posts"}],"about":[{"href":"http:\/\/www.apucarana.pr.gov.br\/site\/wp-json\/wp\/v2\/types\/post"}],"author":[{"embeddable":true,"href":"http:\/\/www.apucarana.pr.gov.br\/site\/wp-json\/wp\/v2\/users\/4"}],"replies":[{"embeddable":true,"href":"http:\/\/www.apucarana.pr.gov.br\/site\/wp-json\/wp\/v2\/comments?post=19873"}],"version-history":[{"count":1,"href":"http:\/\/www.apucarana.pr.gov.br\/site\/wp-json\/wp\/v2\/posts\/19873\/revisions"}],"predecessor-version":[{"id":100882,"href":"http:\/\/www.apucarana.pr.gov.br\/site\/wp-json\/wp\/v2\/posts\/19873\/revisions\/100882"}],"wp:featuredmedia":[{"embeddable":true,"href":"http:\/\/www.apucarana.pr.gov.br\/site\/wp-json\/"}],"wp:attachment":[{"href":"http:\/\/www.apucarana.pr.gov.br\/site\/wp-json\/wp\/v2\/media?parent=19873"}],"wp:term":[{"taxonomy":"category","embeddable":true,"href":"http:\/\/www.apucarana.pr.gov.br\/site\/wp-json\/wp\/v2\/categories?post=19873"},{"taxonomy":"post_tag","embeddable":true,"href":"http:\/\/www.apucarana.pr.gov.br\/site\/wp-json\/wp\/v2\/tags?post=19873"}],"curies":[{"name":"wp","href":"https:\/\/api.w.org\/{rel}","templated":true}]}}