{"id":19837,"date":"2018-12-10T14:52:27","date_gmt":"2018-12-10T16:52:27","guid":{"rendered":"http:\/\/172.16.0.7\/site-antigo\/?p=19837"},"modified":"2024-10-08T09:17:29","modified_gmt":"2024-10-08T12:17:29","slug":"copa-apucarana-premia-categorias-menores-no-futebol","status":"publish","type":"post","link":"http:\/\/www.apucarana.pr.gov.br\/site\/copa-apucarana-premia-categorias-menores-no-futebol\/","title":{"rendered":"Copa Apucarana premia categorias menores no futebol"},"content":{"rendered":"<p>A Secretaria de Esportes e Juventude da Prefeitura de Apucarana concluiu s\u00e1bado (08\/12), no campo do Sesi, a 2\u00aa Copa Apucarana de Futebol Categoria Menores. As finais reuniram as melhores equipes do sub 11, 13 e 16. Presente no evento, a secret\u00e1ria Jossuela Pinheiro representou o prefeito Beto Preto (PSD). No sub 11, a equipe \u201cAtleta Nota 10 \u201cB\u201d conquistou o t\u00edtulo da categoria vencendo a equipe Wolves Soccer \u201cB\u201d. Na categoria Sub 13, a Atleta Nota 10 superou a equipe S\u00e3o Jos\u00e9 e, na categoria Sub 16, decidiram a final as equipes S\u00e3o Jos\u00e9 e S\u00e3o Jos\u00e9 \u201dB\u201d, sagrando-se campe\u00e3 a equipe S\u00e3o Jos\u00e9.<br \/>\n\u201cForam dias intensos de competi\u00e7\u00e3o, que tiveram seu resultado neste final de semana. O congra\u00e7amento entre as equipes, a promo\u00e7\u00e3o da pr\u00e1tica esportiva e da competi\u00e7\u00e3o saud\u00e1vel. Parab\u00e9ns a todos os envolvidos. Foi uma grande Copa Apucarana\u201d, disse professora Jossuela.<br \/>\nIniciado em tr\u00eas de novembro, a 2\u00aa Copa Apucarana contou com nove equipes na categoria sub 11, seis na categoria Sub 13 e nove na categoria sub 16. \u201cO n\u00famero total de participantes foi de 576 pessoas, totalizando 31 partidas realizadas em diversos campos: Cavan, Vila Reis, Z\u00e9 Rico, Col\u00e9gio S\u00e3o Jos\u00e9 e Sesi\u201d, concluiu professora Jossuela.<br \/>\nA artilharia do sub 11 foi dividida entre os atletas Vinicius Eduardo Dolfini, do Atleta Nota 10 e Bruno Ara\u00fajo, do Wolves Soccer \u201cB\u201d, com 3 gols. No sub 13, o trof\u00e9u de artilheiro ficou com Luis Ot\u00e1vio Lopes, do S\u00e3o Jos\u00e9, que marcou 4 gols e, no sub16, com Felipe Val\u00e9rio, do Gera, que anotou 6 gols.<br \/>\nOs goleiros menos vazados foram Guilherme Ribeiro, da equipe Wolves Soccer, Lucas Brand\u00e3o e Matheus Rosseti, do S\u00e3o Jos\u00e9, no sub 11; Yago Vin\u00edcius, do S\u00e3o Jos\u00e9, no sub 13; e no sub 16, Oziris Silva, do Gera. A entrega da premia\u00e7\u00e3o foi prestigiada pelo vereador Gentil Pereira.<\/p>\n","protected":false},"excerpt":{"rendered":"<p>Iniciado em tr\u00eas de novembro, a 2\u00aa Copa Apucarana contou com nove equipes na categoria sub 11, seis na categoria Sub 13 e nove na categoria sub 16 (Foto: Profeta)<\/p>\n","protected":false},"author":4,"featured_media":19864,"comment_status":"closed","ping_status":"open","sticky":false,"template":"","format":"standard","meta":{"footnotes":""},"categories":[24],"tags":[],"class_list":["post-19837","post","type-post","status-publish","format-standard","has-post-thumbnail","hentry","category-noticias"],"acf":[],"_links":{"self":[{"href":"http:\/\/www.apucarana.pr.gov.br\/site\/wp-json\/wp\/v2\/posts\/19837","targetHints":{"allow":["GET"]}}],"collection":[{"href":"http:\/\/www.apucarana.pr.gov.br\/site\/wp-json\/wp\/v2\/posts"}],"about":[{"href":"http:\/\/www.apucarana.pr.gov.br\/site\/wp-json\/wp\/v2\/types\/post"}],"author":[{"embeddable":true,"href":"http:\/\/www.apucarana.pr.gov.br\/site\/wp-json\/wp\/v2\/users\/4"}],"replies":[{"embeddable":true,"href":"http:\/\/www.apucarana.pr.gov.br\/site\/wp-json\/wp\/v2\/comments?post=19837"}],"version-history":[{"count":1,"href":"http:\/\/www.apucarana.pr.gov.br\/site\/wp-json\/wp\/v2\/posts\/19837\/revisions"}],"predecessor-version":[{"id":100883,"href":"http:\/\/www.apucarana.pr.gov.br\/site\/wp-json\/wp\/v2\/posts\/19837\/revisions\/100883"}],"wp:featuredmedia":[{"embeddable":true,"href":"http:\/\/www.apucarana.pr.gov.br\/site\/wp-json\/"}],"wp:attachment":[{"href":"http:\/\/www.apucarana.pr.gov.br\/site\/wp-json\/wp\/v2\/media?parent=19837"}],"wp:term":[{"taxonomy":"category","embeddable":true,"href":"http:\/\/www.apucarana.pr.gov.br\/site\/wp-json\/wp\/v2\/categories?post=19837"},{"taxonomy":"post_tag","embeddable":true,"href":"http:\/\/www.apucarana.pr.gov.br\/site\/wp-json\/wp\/v2\/tags?post=19837"}],"curies":[{"name":"wp","href":"https:\/\/api.w.org\/{rel}","templated":true}]}}