{"id":19825,"date":"2018-12-10T12:45:15","date_gmt":"2018-12-10T14:45:15","guid":{"rendered":"http:\/\/172.16.0.7\/site-antigo\/?p=19825"},"modified":"2024-10-08T09:17:29","modified_gmt":"2024-10-08T12:17:29","slug":"alimentacao-escolar-comprara-r-32-milhoes-da-agricultura-familiar","status":"publish","type":"post","link":"http:\/\/www.apucarana.pr.gov.br\/site\/alimentacao-escolar-comprara-r-32-milhoes-da-agricultura-familiar\/","title":{"rendered":"Alimenta\u00e7\u00e3o escolar comprar\u00e1 R$ 3,2 milh\u00f5es da agricultura familiar"},"content":{"rendered":"<p>A merenda escolar da rede municipal de ensino \u00e9 abastecida com mais de 80% de produtos provenientes da agricultura familiar. A estrat\u00e9gia ser\u00e1 mantida em 2019, quando a Autarquia Municipal de Educa\u00e7\u00e3o (AME) comprar\u00e1 R$ 3,2 milh\u00f5es dos agricultores familiares. A licita\u00e7\u00e3o, na modalidade de chamada p\u00fablica, foi autorizada nesta segunda-feira (10\/12) pelo prefeito de Apucarana, Beto Preto.<br \/>\nAo todo, ser\u00e3o licitados 49 itens e s\u00e3o esperados participantes de todo o Paran\u00e1 e tamb\u00e9m de outros estados. No entanto, a prioridade de credenciamento \u00e9 para fornecedores que est\u00e3o mais pr\u00f3ximos de Apucarana, assentamentos da reforma agr\u00e1ria, comunidades ind\u00edgenas e quilombolas. \u201cSe um item n\u00e3o estiver dispon\u00edvel em Apucarana, a prioridade passa a ser de um fornecedor da regi\u00e3o, depois do Paran\u00e1 e ent\u00e3o somente de outro estado\u201d, explica Alexandre Possebom, diretor de Compras e Licita\u00e7\u00e3o da AME.<br \/>\nO prefeito Beto Preto ressalta que os valores adquiridos da agricultura familiar dobraram em Apucarana, passando de pouco mais de R$ 1,5 milh\u00e3o em 2013 para os atuais R$ 3,2 milh\u00f5es. \u201c\u00c9 uma estrat\u00e9gia que vem dando muito certo. Com o passar dos anos as pr\u00f3prias cooperativas incentivam os agricultores a produzir novos itens, como o feij\u00e3o que antes era suprido somente pela licita\u00e7\u00e3o convencional\u201d, exemplifica Beto Preto, citando que os agricultores de Apucarana fornecem atrav\u00e9s da Cooperativa dos Cafeicultores de Pirap\u00f3 (Coocapi).<br \/>\nBeto Preto \u00a0refor\u00e7a que em Apucarana existe um grande esfor\u00e7o visando o fortalecimento da agricultura familiar. \u201cA legisla\u00e7\u00e3o determina que devemos aplicar, no m\u00ednimo, 30% dos recursos que v\u00eam para a merenda na compra de alimentos provenientes da agricultura familiar. No entanto, n\u00f3s vamos al\u00e9m e compramos mais de 80% dos itens da agricultura familiar\u201d, ressalta.<br \/>\nO prefeito enaltece a parceria com os agricultores, que garantem produtos frescos e de qualidade para os estudantes da rede municipal de ensino. \u201cEles nos ajudaram nestes \u00faltimos anos a fazer uma alimenta\u00e7\u00e3o escolar eficiente, nutritiva e de qualidade para os nossos 12 mil alunos\u201d, afirma.<br \/>\nBeto Preto entende que a alimenta\u00e7\u00e3o \u00e9, ao lado do m\u00e9todo pedag\u00f3gico, fundamental para elevar o n\u00edvel da educa\u00e7\u00e3o em Apucarana. \u201cCompromisso com a educa\u00e7\u00e3o n\u00e3o \u00e9 simplesmente construir uma sala de aula ou pagar em dia o sal\u00e1rio dos professores e demais funcion\u00e1rios. Temos que disponibilizar, sobretudo, o m\u00e9todo pedag\u00f3gico eficiente e uma alimenta\u00e7\u00e3o saud\u00e1vel e nutritiva\u201d, refor\u00e7a.<br \/>\nO edital &#8211; no valor de R$ 3.243.215,00 &#8211; ser\u00e1 publicado no Di\u00e1rio Oficial do Munic\u00edpio, Di\u00e1rio Oficial do Estado e tamb\u00e9m no Di\u00e1rio Oficial da Uni\u00e3o, ficando dispon\u00edvel aos interessados pelo prazo de 30 dias.\u00a0 De acordo com o setor de licita\u00e7\u00f5es da AME, o Munic\u00edpio realiza dois certames para garantir o abastecimento da merenda ao longo do ano. O convencional j\u00e1 foi realizado e agora ser\u00e1 a vez do processo espec\u00edfico da agricultura familiar, cujos produtos ser\u00e3o adquiridos atrav\u00e9s do Programa Nacional de Alimenta\u00e7\u00e3o Escolar (PNAE).<br \/>\n&nbsp;<\/p>\n","protected":false},"excerpt":{"rendered":"<p>A licita\u00e7\u00e3o, na modalidade de chamada p\u00fablica, foi autorizada pelo prefeito de Apucarana, Beto Preto. (Foto: Edson Denobi)<\/p>\n","protected":false},"author":4,"featured_media":19826,"comment_status":"closed","ping_status":"open","sticky":false,"template":"","format":"standard","meta":{"footnotes":""},"categories":[24],"tags":[],"class_list":["post-19825","post","type-post","status-publish","format-standard","has-post-thumbnail","hentry","category-noticias"],"acf":[],"_links":{"self":[{"href":"http:\/\/www.apucarana.pr.gov.br\/site\/wp-json\/wp\/v2\/posts\/19825","targetHints":{"allow":["GET"]}}],"collection":[{"href":"http:\/\/www.apucarana.pr.gov.br\/site\/wp-json\/wp\/v2\/posts"}],"about":[{"href":"http:\/\/www.apucarana.pr.gov.br\/site\/wp-json\/wp\/v2\/types\/post"}],"author":[{"embeddable":true,"href":"http:\/\/www.apucarana.pr.gov.br\/site\/wp-json\/wp\/v2\/users\/4"}],"replies":[{"embeddable":true,"href":"http:\/\/www.apucarana.pr.gov.br\/site\/wp-json\/wp\/v2\/comments?post=19825"}],"version-history":[{"count":1,"href":"http:\/\/www.apucarana.pr.gov.br\/site\/wp-json\/wp\/v2\/posts\/19825\/revisions"}],"predecessor-version":[{"id":100885,"href":"http:\/\/www.apucarana.pr.gov.br\/site\/wp-json\/wp\/v2\/posts\/19825\/revisions\/100885"}],"wp:featuredmedia":[{"embeddable":true,"href":"http:\/\/www.apucarana.pr.gov.br\/site\/wp-json\/"}],"wp:attachment":[{"href":"http:\/\/www.apucarana.pr.gov.br\/site\/wp-json\/wp\/v2\/media?parent=19825"}],"wp:term":[{"taxonomy":"category","embeddable":true,"href":"http:\/\/www.apucarana.pr.gov.br\/site\/wp-json\/wp\/v2\/categories?post=19825"},{"taxonomy":"post_tag","embeddable":true,"href":"http:\/\/www.apucarana.pr.gov.br\/site\/wp-json\/wp\/v2\/tags?post=19825"}],"curies":[{"name":"wp","href":"https:\/\/api.w.org\/{rel}","templated":true}]}}