{"id":19819,"date":"2018-12-07T17:11:25","date_gmt":"2018-12-07T19:11:25","guid":{"rendered":"http:\/\/172.16.0.7\/site-antigo\/?p=19819"},"modified":"2024-10-08T09:17:29","modified_gmt":"2024-10-08T12:17:29","slug":"assistencia-social-confirma-vistoria-das-casas-do-solo-sagrado","status":"publish","type":"post","link":"http:\/\/www.apucarana.pr.gov.br\/site\/assistencia-social-confirma-vistoria-das-casas-do-solo-sagrado\/","title":{"rendered":"Assist\u00eancia Social confirma vistoria das casas do Solo Sagrado"},"content":{"rendered":"<p>Os 500 futuros moradores do Residencial Solo Sagrado t\u00eam um novo compromisso com a Secretaria da Assist\u00eancia Social da Prefeitura de Apucarana. \u00c9 a vistoria t\u00e9cnica dos im\u00f3veis, que vai acontecer com a presen\u00e7a de membros da Construtora Prestes objetivando averigua\u00e7\u00e3o das condi\u00e7\u00f5es estruturais da constru\u00e7\u00e3o. \u201cPara melhor acolhimento dos beneficiados, os mutu\u00e1rios foram divididos em grupos e estabelecido um calend\u00e1rio de vistoria, que vai acontecer entre segunda e sexta-feira da pr\u00f3xima semana (10 a 14\/12)\u201d, informa o prefeito Beto Preto (PSD).<br \/>\nNa segunda-feira, devem comparecer \u00e0 vistoria os sorteados com moradias nas quadras 44, 45 e 46. Na ter\u00e7a-feira, quadras 47, 48 e 49; quarta-feira quadras 26, 27 e 28; quinta-feira quadras 13, 29 e 30 e, na sexta-feira quadras 05, 06, 14 e 15. O hor\u00e1rio dos trabalhos ser\u00e1 sempre das 8 \u00e0s 12 horas e das 13 \u00e0s 17 horas. \u201cN\u00e3o ser\u00e1 feita vistoria em data diferente do que foi agendado e nem fora dos hor\u00e1rios estipulados, sendo a presen\u00e7a do titular obrigat\u00f3ria\u201d, informa Ana Paula Nazarko, secret\u00e1ria Municipal da Assist\u00eancia Social. Ela frisa que somente candidatos sem dilig\u00eancias poder\u00e3o fazer as vistorias.<br \/>\nOs candidatos sorteados que ainda possuem a situa\u00e7\u00e3o denominada \u201cem dilig\u00eancia\u201d, foram convocados na ordem estabelecida pelo sorteio, para a entrega (regulariza\u00e7\u00e3o) da documenta\u00e7\u00e3o que o Banco do Brasil est\u00e1 exigindo, possuindo o prazo de 30 (trinta) dias corridos a contar de 5 de dezembro. \u201cEstes devem comparecer \u00e0 Secretaria Municipal de Assist\u00eancia Social, localizada no Centro Social Urbano, situado \u00e0 Rua Jo\u00e3o Matiuzzi, 279, Parque Bela Vista, Apucarana, no per\u00edodo das 8 \u00e0s 17 horas\u201d, orienta Nazarko.<br \/>\nDesde o sorteio que definiu as 500 fam\u00edlias que v\u00e3o ocupar o Residencial Solo Sagrado, realizado no \u00faltimo dia 2 de dezembro no Complexo Lago\u00e3o, a Secretaria da Assist\u00eancia Social deu in\u00edcio ao chamado \u201cTrabalho T\u00e9cnico Social\u201d, que visa concluir o processo de homologa\u00e7\u00e3o dos contemplados com vistas \u00e0 inaugura\u00e7\u00e3o do empreendimento e entrega oficial das moradias, prevista para o dia 21 de dezembro.<br \/>\nNa noite da \u00faltima quarta-feira, por exemplo, foi realizado um encontro no audit\u00f3rio Gralha Azul, da Unespar Apucarana, onde foi apresentado o \u201cManual do Usu\u00e1rio\u201d por engenheiros da Construtora Prestes e anunciada a necessidade de vistoria dos im\u00f3veis. \u201cNa ocasi\u00e3o tamb\u00e9m foram dadas orienta\u00e7\u00f5es sobre o contrato com a Institui\u00e7\u00e3o Financeira (Banco do Brasil), e sobre os servi\u00e7os da Copel e a Sanepar, sanando d\u00favidas sobre tarifa social e o requerimento de \u00e1gua e luz. Representantes das \u00e1reas da Sa\u00fade e Educa\u00e7\u00e3o Municipal tamb\u00e9m estiveram presentes explicando sobre procedimentos de atendimentos na \u00e1rea de sa\u00fade e transfer\u00eancia escolar\u201d, concluiu Ana Paula Nazarko, secret\u00e1ria Municipal da Assist\u00eancia Social. Durante o encontro ficou definido que os contratos ser\u00e3o assinados em evento coletivo programado para o dia 16 de dezembro, no gin\u00e1sio de esportes \u201cLago\u00e3o\u201d.<br \/>\nPara conferir o calend\u00e1rio de vistoria, <a href=\"http:\/\/www.apucarana.pr.gov.br\/site\/wp-content\/uploads\/2018\/12\/VISTORIAS.pdf\">CLIQUE AQUI<\/a><\/p>\n","protected":false},"excerpt":{"rendered":"<p>Para melhor acolhimento dos beneficiados, os mutu\u00e1rios foram divididos em grupos e estabelecido um calend\u00e1rio, que vai acontecer entre segunda e sexta-feira da pr\u00f3xima semana (Foto: Profeta)<\/p>\n","protected":false},"author":4,"featured_media":19821,"comment_status":"closed","ping_status":"open","sticky":false,"template":"","format":"standard","meta":{"footnotes":""},"categories":[24],"tags":[],"class_list":["post-19819","post","type-post","status-publish","format-standard","has-post-thumbnail","hentry","category-noticias"],"acf":[],"_links":{"self":[{"href":"http:\/\/www.apucarana.pr.gov.br\/site\/wp-json\/wp\/v2\/posts\/19819","targetHints":{"allow":["GET"]}}],"collection":[{"href":"http:\/\/www.apucarana.pr.gov.br\/site\/wp-json\/wp\/v2\/posts"}],"about":[{"href":"http:\/\/www.apucarana.pr.gov.br\/site\/wp-json\/wp\/v2\/types\/post"}],"author":[{"embeddable":true,"href":"http:\/\/www.apucarana.pr.gov.br\/site\/wp-json\/wp\/v2\/users\/4"}],"replies":[{"embeddable":true,"href":"http:\/\/www.apucarana.pr.gov.br\/site\/wp-json\/wp\/v2\/comments?post=19819"}],"version-history":[{"count":1,"href":"http:\/\/www.apucarana.pr.gov.br\/site\/wp-json\/wp\/v2\/posts\/19819\/revisions"}],"predecessor-version":[{"id":100886,"href":"http:\/\/www.apucarana.pr.gov.br\/site\/wp-json\/wp\/v2\/posts\/19819\/revisions\/100886"}],"wp:featuredmedia":[{"embeddable":true,"href":"http:\/\/www.apucarana.pr.gov.br\/site\/wp-json\/"}],"wp:attachment":[{"href":"http:\/\/www.apucarana.pr.gov.br\/site\/wp-json\/wp\/v2\/media?parent=19819"}],"wp:term":[{"taxonomy":"category","embeddable":true,"href":"http:\/\/www.apucarana.pr.gov.br\/site\/wp-json\/wp\/v2\/categories?post=19819"},{"taxonomy":"post_tag","embeddable":true,"href":"http:\/\/www.apucarana.pr.gov.br\/site\/wp-json\/wp\/v2\/tags?post=19819"}],"curies":[{"name":"wp","href":"https:\/\/api.w.org\/{rel}","templated":true}]}}