{"id":19813,"date":"2018-12-07T17:02:59","date_gmt":"2018-12-07T19:02:59","guid":{"rendered":"http:\/\/172.16.0.7\/site-antigo\/?p=19813"},"modified":"2024-10-08T09:17:29","modified_gmt":"2024-10-08T12:17:29","slug":"autarquia-de-saude-faz-chamamento-para-vacina-contra-febre-amarela","status":"publish","type":"post","link":"http:\/\/www.apucarana.pr.gov.br\/site\/autarquia-de-saude-faz-chamamento-para-vacina-contra-febre-amarela\/","title":{"rendered":"Autarquia de Sa\u00fade faz chamamento  para vacina contra febre amarela"},"content":{"rendered":"<p>&nbsp;<br \/>\nA Autarquia Municipal de Sa\u00fade de Apucarana (AMS), seguindo orienta\u00e7\u00e3o da Secret\u00e1ria de Estado da Sa\u00fade (SESA), come\u00e7ou a intensificar neste m\u00eas a vacina\u00e7\u00e3o contra a febre amarela no munic\u00edpio. Segundo a s\u00e9rie hist\u00f3rica, o per\u00edodo sazonal de casos da doen\u00e7a vai de dezembro a maio.<br \/>\nDe acordo com o setor de Epidemiologia da AMS, em 2018 foram aplicadas 3602 doses da vacina contra febre amarela em Apucarana, contra 6239do ano passado quando foi intensificada ocorr\u00eancia no n\u00famero de casos da doen\u00e7a no pa\u00eds. Conforme recomenda\u00e7\u00e3o do Minist\u00e9rio deve tomar a vacina crian\u00e7as a partir de 9 meses e adultos de at\u00e9 59 anos que ainda n\u00e3o tenham recebido nenhuma dose da vacina.\u00a0 Apenas uma dose da vacina garante prote\u00e7\u00e3o para o resto da vida. No caso dos idosos com 60 anos ou mais, \u00e9 preciso avalia\u00e7\u00e3o m\u00e9dica.<br \/>\nNo \u00faltimo per\u00edodo epidemiol\u00f3gico, julho 2017 a junho 2018, foram notificados 7518 casos de febre amarela no Brasil, com 1376 casos confirmados, resultando em 483 \u00f3bitos (letalidade 35,1%).<br \/>\n\u201cPara atender um poss\u00edvel aumento da demanda pela imuniza\u00e7\u00e3o, o setor de epidemiologia da Autarquia de Sa\u00fade refor\u00e7ou o estoque da vacina nas Unidades B\u00e1sicas de Sa\u00fade. Nosso objetivo \u00e9 atender cada apucaranense que v\u00e1 busca essa importante forma de preven\u00e7\u00e3o\u201d, afirma o coordenador do setor de epidemiologia, Luciano Pereira da Silva.<br \/>\nO diretor presidente da AMS, Roberto Kaneta, observa que quem recebeu uma ou mais doses da vacina em qualquer fase da vida j\u00e1 est\u00e1 imunizado. \u201cEm caso de d\u00favida, a pessoa deve apresentar a carteira de vacina\u00e7\u00e3o na UBS, onde o profissional de sa\u00fade vai verificar o esquema vacinal\u201d, orienta.<br \/>\nA vacina contra febre amarela est\u00e1 dispon\u00edvel entre 8 e 16 horas, em todas as Unidades B\u00e1sicas de Sa\u00fade com sala de vacina. Apenas seis n\u00e3o contam com essa estrutura: UBS Julia Reczkowski, do N\u00facleo Habitacional Marcos Freire; UBS Rute Eug\u00eanio, do Jardim Vale Verde; UBS Philipe Weckewerth, no Jardim Milani; UBS Rodrigo Yoshi Tramontil, da Vila Apucaraninha; UBS Jo\u00e3o Marioto, na Vila Formosa; e Elayne Mazur, no Jardim Interlagos.<br \/>\n<strong>Transmiss\u00e3o<\/strong><br \/>\nA febre amarela \u00e9 uma doen\u00e7a infecciosa febril aguda, causada por um v\u00edrus transmitido por mosquitos infestados. Em \u00e1rea rural ou de floresta, os macacos s\u00e3o os principais hospedeiros e a transmiss\u00e3o ocorre pela picada dos mosquitos transmissores infectados Haemagogus e Sabethes.<br \/>\nJ\u00e1 no meio urbano, a transmiss\u00e3o se d\u00e1 atrav\u00e9s do mosquito Aedes aegypti (o mesmo da dengue). A infec\u00e7\u00e3o acontece quando uma pessoa que nunca tenha contra\u00eddo a febre amarela ou tomado a vacina contra ela circula em \u00e1reas florestais e \u00e9 picada por um mosquito infectado. Ao contrair a doen\u00e7a, a pessoa pode se tornar fonte de infec\u00e7\u00e3o para o Aedes aegypti no meio urbano.<\/p>\n","protected":false},"excerpt":{"rendered":"<p>Per\u00edodo sazonal de casos da doen\u00e7a vai de dezembro a maio (Foto &#8211; Profeta)<\/p>\n","protected":false},"author":4,"featured_media":19814,"comment_status":"closed","ping_status":"open","sticky":false,"template":"","format":"standard","meta":{"footnotes":""},"categories":[24],"tags":[],"class_list":["post-19813","post","type-post","status-publish","format-standard","has-post-thumbnail","hentry","category-noticias"],"acf":[],"_links":{"self":[{"href":"http:\/\/www.apucarana.pr.gov.br\/site\/wp-json\/wp\/v2\/posts\/19813","targetHints":{"allow":["GET"]}}],"collection":[{"href":"http:\/\/www.apucarana.pr.gov.br\/site\/wp-json\/wp\/v2\/posts"}],"about":[{"href":"http:\/\/www.apucarana.pr.gov.br\/site\/wp-json\/wp\/v2\/types\/post"}],"author":[{"embeddable":true,"href":"http:\/\/www.apucarana.pr.gov.br\/site\/wp-json\/wp\/v2\/users\/4"}],"replies":[{"embeddable":true,"href":"http:\/\/www.apucarana.pr.gov.br\/site\/wp-json\/wp\/v2\/comments?post=19813"}],"version-history":[{"count":1,"href":"http:\/\/www.apucarana.pr.gov.br\/site\/wp-json\/wp\/v2\/posts\/19813\/revisions"}],"predecessor-version":[{"id":100887,"href":"http:\/\/www.apucarana.pr.gov.br\/site\/wp-json\/wp\/v2\/posts\/19813\/revisions\/100887"}],"wp:featuredmedia":[{"embeddable":true,"href":"http:\/\/www.apucarana.pr.gov.br\/site\/wp-json\/"}],"wp:attachment":[{"href":"http:\/\/www.apucarana.pr.gov.br\/site\/wp-json\/wp\/v2\/media?parent=19813"}],"wp:term":[{"taxonomy":"category","embeddable":true,"href":"http:\/\/www.apucarana.pr.gov.br\/site\/wp-json\/wp\/v2\/categories?post=19813"},{"taxonomy":"post_tag","embeddable":true,"href":"http:\/\/www.apucarana.pr.gov.br\/site\/wp-json\/wp\/v2\/tags?post=19813"}],"curies":[{"name":"wp","href":"https:\/\/api.w.org\/{rel}","templated":true}]}}