{"id":19791,"date":"2018-12-07T16:43:16","date_gmt":"2018-12-07T18:43:16","guid":{"rendered":"http:\/\/172.16.0.7\/site-antigo\/?p=19791"},"modified":"2024-10-08T09:17:29","modified_gmt":"2024-10-08T12:17:29","slug":"vice-prefeito-prestigia-encontro-de-fim-de-ano-do-cras","status":"publish","type":"post","link":"http:\/\/www.apucarana.pr.gov.br\/site\/vice-prefeito-prestigia-encontro-de-fim-de-ano-do-cras\/","title":{"rendered":"Vice-prefeito prestigia encontro de fim de ano do Cras"},"content":{"rendered":"<p>O vice-prefeito J\u00fanior da Femac participou, nesta sexta-feira (7\/12), de encontro promovido pelo Centro de Refer\u00eancia de Assist\u00eancia Social (Cras I), no sal\u00e3o da Igreja Cristo Rei. O evento reuniu cerca de 150 pessoas que s\u00e3o acompanhadas pelo Servi\u00e7o de Prote\u00e7\u00e3o e Atendimento Integral \u00e0 Fam\u00edlia, marcando o encerramento das atividades deste ano.<br \/>\nUm almo\u00e7o foi servido, com o objetivo de promover uma confraterniza\u00e7\u00e3o entre as fam\u00edlias atendidas pelo programa. O encontro contou ainda com a presen\u00e7a do Papai Noel, que distribuiu presentes \u00e0s crian\u00e7as.<br \/>\nO vice-prefeito J\u00fanior da Femac disse que o esp\u00edrito natalino e crist\u00e3o, de amor ao pr\u00f3ximo, \u00e9 exatamente igual ao trabalho que o Cras desenvolve ao longo do ano. \u201cO paralelismo que existe entre as a\u00e7\u00f5es que a Prefeitura de Apucarana, por meio da secretaria de Assist\u00eancia Social e do Cras, desenvolve, \u00e9 esse, de priorizar aqueles que mais necessitam, que mais precisam de acolhimento\u201d, frisou J\u00fanior.<\/p>\n","protected":false},"excerpt":{"rendered":"<p>Papai Noel distribui doces \u00e0s crian\u00e7as presentes em evento de confraterniza\u00e7\u00e3o de fim de ano na Igreja Cristo Rei (Fotos: Profeta)<\/p>\n","protected":false},"author":4,"featured_media":19792,"comment_status":"closed","ping_status":"open","sticky":false,"template":"","format":"standard","meta":{"footnotes":""},"categories":[24],"tags":[],"class_list":["post-19791","post","type-post","status-publish","format-standard","has-post-thumbnail","hentry","category-noticias"],"acf":[],"_links":{"self":[{"href":"http:\/\/www.apucarana.pr.gov.br\/site\/wp-json\/wp\/v2\/posts\/19791","targetHints":{"allow":["GET"]}}],"collection":[{"href":"http:\/\/www.apucarana.pr.gov.br\/site\/wp-json\/wp\/v2\/posts"}],"about":[{"href":"http:\/\/www.apucarana.pr.gov.br\/site\/wp-json\/wp\/v2\/types\/post"}],"author":[{"embeddable":true,"href":"http:\/\/www.apucarana.pr.gov.br\/site\/wp-json\/wp\/v2\/users\/4"}],"replies":[{"embeddable":true,"href":"http:\/\/www.apucarana.pr.gov.br\/site\/wp-json\/wp\/v2\/comments?post=19791"}],"version-history":[{"count":1,"href":"http:\/\/www.apucarana.pr.gov.br\/site\/wp-json\/wp\/v2\/posts\/19791\/revisions"}],"predecessor-version":[{"id":100888,"href":"http:\/\/www.apucarana.pr.gov.br\/site\/wp-json\/wp\/v2\/posts\/19791\/revisions\/100888"}],"wp:featuredmedia":[{"embeddable":true,"href":"http:\/\/www.apucarana.pr.gov.br\/site\/wp-json\/"}],"wp:attachment":[{"href":"http:\/\/www.apucarana.pr.gov.br\/site\/wp-json\/wp\/v2\/media?parent=19791"}],"wp:term":[{"taxonomy":"category","embeddable":true,"href":"http:\/\/www.apucarana.pr.gov.br\/site\/wp-json\/wp\/v2\/categories?post=19791"},{"taxonomy":"post_tag","embeddable":true,"href":"http:\/\/www.apucarana.pr.gov.br\/site\/wp-json\/wp\/v2\/tags?post=19791"}],"curies":[{"name":"wp","href":"https:\/\/api.w.org\/{rel}","templated":true}]}}