{"id":19786,"date":"2018-12-07T10:49:28","date_gmt":"2018-12-07T12:49:28","guid":{"rendered":"http:\/\/172.16.0.7\/site-antigo\/?p=19786"},"modified":"2024-10-08T09:17:30","modified_gmt":"2024-10-08T12:17:30","slug":"servidores-municipais-receberao-abono-natalino","status":"publish","type":"post","link":"http:\/\/www.apucarana.pr.gov.br\/site\/servidores-municipais-receberao-abono-natalino\/","title":{"rendered":"Servidores municipais receber\u00e3o abono natalino"},"content":{"rendered":"<p>Todos os servidores do quadro de pessoal efetivo e tamb\u00e9m os cargos de provimento em comiss\u00e3o da Prefeitura de Apucarana receber\u00e3o um abono natalino, no valor de R$ 80. O projeto de lei de iniciativa do Executivo foi aprovado\u00a0 nesta semana pela C\u00e2mara de Vereadores. O valor ser\u00e1 creditado na conta banc\u00e1ria de cada servidor neste m\u00eas de dezembro.<br \/>\n<span style=\"font-style: inherit;font-weight: inherit\">De acordo com o prefeito Beto Preto, a gratifica\u00e7\u00e3o \u00e9 uma forma de premiar neste final de ano a dedica\u00e7\u00e3o dos servidores municipais. . \u201cO abono \u00e9 como se fosse uma cesta de Natal, mas com a op\u00e7\u00e3o de o servidor escolher os alimentos natalinos que ele ou sua fam\u00edlia apreciam\u201d, observa Beto Preto. \u00a0<\/span><br \/>\nO prefeito lembra que o abono vem sendo concedido desde 2013. No ano passado, o valor repassado foi de R$ 62 e neste ano foi elevado para R$ 80. \u201cO servidor tem a liberdade de definir de que forma vai utilizar o recurso, comprando uma cesta, fazendo uma ceia ou adquirindo um presente para o filho. O importante \u00e9 que fa\u00e7a bom uso, em coisas sadias\u201d, refor\u00e7a Beto Preto.<br \/>\nDe acordo com o secret\u00e1rio municipal de Fazenda, Marcello Machado, est\u00e3o sendo beneficiados servidores do quadro efetivo e os cargos de provimento em comiss\u00e3o. \u201cA medida contempla 3.150 funcion\u00e1rios, incluindo os da Autarquia Municipal de Sa\u00fade (AMS), da Autarquia Municipal de Educa\u00e7\u00e3o (AME) e do Instituto de Desenvolvimento, Pesquisa e Planejamento de Apucarana (Idepplan)\u201d, afirma Machado, acrescentando que o valor total\u00a0dos recursos que ser\u00e3o liberados\u00a0\u00e9 de R$ 252 mil.<br \/>\n&nbsp;<\/p>\n","protected":false},"excerpt":{"rendered":"<p>O valor \u00e9 de R$ 80 e ser\u00e1 creditado na conta banc\u00e1ria de cada servidor neste m\u00eas de dezembro. (Foto: Edson Denobi)<\/p>\n","protected":false},"author":4,"featured_media":19788,"comment_status":"closed","ping_status":"open","sticky":false,"template":"","format":"standard","meta":{"footnotes":""},"categories":[24],"tags":[],"class_list":["post-19786","post","type-post","status-publish","format-standard","has-post-thumbnail","hentry","category-noticias"],"acf":[],"_links":{"self":[{"href":"http:\/\/www.apucarana.pr.gov.br\/site\/wp-json\/wp\/v2\/posts\/19786","targetHints":{"allow":["GET"]}}],"collection":[{"href":"http:\/\/www.apucarana.pr.gov.br\/site\/wp-json\/wp\/v2\/posts"}],"about":[{"href":"http:\/\/www.apucarana.pr.gov.br\/site\/wp-json\/wp\/v2\/types\/post"}],"author":[{"embeddable":true,"href":"http:\/\/www.apucarana.pr.gov.br\/site\/wp-json\/wp\/v2\/users\/4"}],"replies":[{"embeddable":true,"href":"http:\/\/www.apucarana.pr.gov.br\/site\/wp-json\/wp\/v2\/comments?post=19786"}],"version-history":[{"count":1,"href":"http:\/\/www.apucarana.pr.gov.br\/site\/wp-json\/wp\/v2\/posts\/19786\/revisions"}],"predecessor-version":[{"id":100889,"href":"http:\/\/www.apucarana.pr.gov.br\/site\/wp-json\/wp\/v2\/posts\/19786\/revisions\/100889"}],"wp:featuredmedia":[{"embeddable":true,"href":"http:\/\/www.apucarana.pr.gov.br\/site\/wp-json\/"}],"wp:attachment":[{"href":"http:\/\/www.apucarana.pr.gov.br\/site\/wp-json\/wp\/v2\/media?parent=19786"}],"wp:term":[{"taxonomy":"category","embeddable":true,"href":"http:\/\/www.apucarana.pr.gov.br\/site\/wp-json\/wp\/v2\/categories?post=19786"},{"taxonomy":"post_tag","embeddable":true,"href":"http:\/\/www.apucarana.pr.gov.br\/site\/wp-json\/wp\/v2\/tags?post=19786"}],"curies":[{"name":"wp","href":"https:\/\/api.w.org\/{rel}","templated":true}]}}