{"id":19669,"date":"2018-12-04T18:52:23","date_gmt":"2018-12-04T20:52:23","guid":{"rendered":"http:\/\/172.16.0.7\/site-antigo\/?p=19669"},"modified":"2024-10-08T09:17:30","modified_gmt":"2024-10-08T12:17:30","slug":"grupos-conviver-fazem-festa-de-natal-com-presenca-de-prefeito","status":"publish","type":"post","link":"http:\/\/www.apucarana.pr.gov.br\/site\/grupos-conviver-fazem-festa-de-natal-com-presenca-de-prefeito\/","title":{"rendered":"Grupos Conviver fazem festa de Natal com presen\u00e7a de prefeito"},"content":{"rendered":"<p>O sal\u00e3o de festas do Clube de Campo \u00c1gua Azul estava inteiramente lotado pelos integrantes dos 40 grupos Conviver da cidade \u2013 \u201cdos distritos, dos bairros e do centro\u201d, como destacou a secret\u00e1ria de Assist\u00eancia Social, Ana Paula Nazarko. No palco, duas coreografias da Escola Municipal de Dan\u00e7a, apresenta\u00e7\u00e3o de zumba, de cantor com banquinho e viol\u00e3o, sorteio de pr\u00eamios.<br \/>\nEstiveram presentes a vereadora Marcia Sousa, a secret\u00e1ria de Esportes e Juventude Jossuela Pinheiro, o vice-prefeito J\u00fanior da Femac e o prefeito Beto Preto. \u00a0A festa durou cerca de tr\u00eas horas e teve um clima contagiante. \u201cPreparamos tudo para 800 pessoas e n\u00e3o tinha sequer um lugar sobrando\u201d, disse a secret\u00e1ria e anfitri\u00e3, Ana Paula.<br \/>\n\u201cOs grupos Conviver levam esse nome porque s\u00e3o realmente servi\u00e7os de conviv\u00eancia e fortalecimento de v\u00ednculos\u201d, explica Ana Paula \u201csendo essa a miss\u00e3o mais importante deles, a de promover a integra\u00e7\u00e3o das pessoas \u00e0 comunidade e ao contexto social\u201d, afirma. Foi exatamente o que aconteceu com Jussara Sacchelli, de 66 anos, do grupo Conviver Castelo Branco. \u201cVai fazer um ano que participo do grupo e, para mim, est\u00e1 sendo \u00f3timo. Tirou-me do marasmo em que estava\u201d, disse.<br \/>\nJussara conta que gosta muito de conversar com as demais pessoas do grupo e que espera com certa ansiedade o dia da semana em que se encontra com as amigas. A coordenadora do grupo, Alanda Tirone Garcia, est\u00e1 no Castelo Branco h\u00e1 18 anos. \u201cA gente se sente \u00fatil em atender as pessoas. Muita gente chega l\u00e1 com depress\u00e3o. A\u00ed vai fazendo amizade, conversa, lembra do passado. Tem mulher que leva at\u00e9 \u00e1lbum de foto para mostrar para n\u00f3s.\u201d<br \/>\nAlanda fala que a partir do grupo as amizades podem tamb\u00e9m frutificar. Algumas das mulheres agora se encontram uma vez por m\u00eas para tomar um ch\u00e1. \u201cCada uma leva um pratinho. Fazemos um sorteio e nos encontramos para bater papo\u201d, explica.<br \/>\nNo grupo Conviver Cristo Sacerdote, Roseli Ribeiro de Fran\u00e7a, de 52 anos, frequenta as reuni\u00f5es h\u00e1 quatro anos. \u201cConverso muito, me distraio, fiz amigos. O grupo \u00e9 importante para mim. Al\u00e9m disso, aprendi a bordar, o que para mim \u00e9 uma terapia\u201d, afirma. A coordenadora do grupo, Maria Venturini Desidera, de 70 anos, conta que est\u00e1 no grupo h\u00e1 13. \u201cPerdi meu marido e gosto muito de ensinar. Ent\u00e3o esse grupo \u00e9 a melhor coisa que tem\u201d, afirma.<br \/>\nO prefeito ressaltou que a alegria de viver dos integrantes dos grupos \u00e9 uma verdadeira li\u00e7\u00e3o e agradeceu a presen\u00e7a de todos. Disse que as pol\u00edticas p\u00fablicas de relacionamento social s\u00e3o muito importantes e devem ser estimuladas. Ao final, todos pediram para que cantasse, pedido que acabou sendo atendido. Beto Preto interpretou a m\u00fasica Cora\u00e7\u00e3o Alado, da autoria de Fagner.<\/p>\n","protected":false},"excerpt":{"rendered":"<p>Cerca de 800 pessoas estiveram presentes em confraterniza\u00e7\u00e3o no Clube de Campo \u00c1gua Azul promovida pela secretaria de Assist\u00eancia Social (Fotos: Edson Denobi)<\/p>\n","protected":false},"author":4,"featured_media":19670,"comment_status":"closed","ping_status":"open","sticky":false,"template":"","format":"standard","meta":{"footnotes":""},"categories":[24],"tags":[],"class_list":["post-19669","post","type-post","status-publish","format-standard","has-post-thumbnail","hentry","category-noticias"],"acf":[],"_links":{"self":[{"href":"http:\/\/www.apucarana.pr.gov.br\/site\/wp-json\/wp\/v2\/posts\/19669","targetHints":{"allow":["GET"]}}],"collection":[{"href":"http:\/\/www.apucarana.pr.gov.br\/site\/wp-json\/wp\/v2\/posts"}],"about":[{"href":"http:\/\/www.apucarana.pr.gov.br\/site\/wp-json\/wp\/v2\/types\/post"}],"author":[{"embeddable":true,"href":"http:\/\/www.apucarana.pr.gov.br\/site\/wp-json\/wp\/v2\/users\/4"}],"replies":[{"embeddable":true,"href":"http:\/\/www.apucarana.pr.gov.br\/site\/wp-json\/wp\/v2\/comments?post=19669"}],"version-history":[{"count":1,"href":"http:\/\/www.apucarana.pr.gov.br\/site\/wp-json\/wp\/v2\/posts\/19669\/revisions"}],"predecessor-version":[{"id":100900,"href":"http:\/\/www.apucarana.pr.gov.br\/site\/wp-json\/wp\/v2\/posts\/19669\/revisions\/100900"}],"wp:featuredmedia":[{"embeddable":true,"href":"http:\/\/www.apucarana.pr.gov.br\/site\/wp-json\/"}],"wp:attachment":[{"href":"http:\/\/www.apucarana.pr.gov.br\/site\/wp-json\/wp\/v2\/media?parent=19669"}],"wp:term":[{"taxonomy":"category","embeddable":true,"href":"http:\/\/www.apucarana.pr.gov.br\/site\/wp-json\/wp\/v2\/categories?post=19669"},{"taxonomy":"post_tag","embeddable":true,"href":"http:\/\/www.apucarana.pr.gov.br\/site\/wp-json\/wp\/v2\/tags?post=19669"}],"curies":[{"name":"wp","href":"https:\/\/api.w.org\/{rel}","templated":true}]}}