{"id":19655,"date":"2018-12-04T17:16:11","date_gmt":"2018-12-04T19:16:11","guid":{"rendered":"http:\/\/172.16.0.7\/site-antigo\/?p=19655"},"modified":"2024-10-08T09:17:30","modified_gmt":"2024-10-08T12:17:30","slug":"sorteados-do-residencial-solo-sagrado-devem-se-apresentar-hoje-na-unespar","status":"publish","type":"post","link":"http:\/\/www.apucarana.pr.gov.br\/site\/sorteados-do-residencial-solo-sagrado-devem-se-apresentar-hoje-na-unespar\/","title":{"rendered":"Sorteados do Residencial Solo Sagrado devem se apresentar nesta quarta-feira na Unespar"},"content":{"rendered":"<p>A Secretaria de Assist\u00eancia Social de Apucarana apresenta a lista dos sorteados \u00e0 aquisi\u00e7\u00e3o de 500 (quinhentas) unidades habitacionais do Programa Minha Casa Minha Vida (PMCMV) \u2013 Empreendimento Solo Sagrado.<br \/>\nTodos os sorteados dever\u00e3o se apresentar nesta quarta-feira (05\/12), \u00e0s 19 horas, munidos do RG e CPF, na UNESPAR &#8211; Campus Apucarana,  no Audit\u00f3rio Gralha Azul, para o in\u00edcio do Trabalho T\u00e9cnico Social.  Nesta oportunidade ser\u00e1 apresentado o Manual do Usu\u00e1rio, as datas de vistoria dos im\u00f3veis, haver\u00e1 orienta\u00e7\u00f5es sobre o contrato com a Institui\u00e7\u00e3o Financeira, teremos a COPEL e a Sanepar sanando d\u00favidas sobre tarifa social e o requerimento de \u00e1gua e luz, bem como presen\u00e7a de representantes das \u00e1reas da sa\u00fade e educa\u00e7\u00e3o explicando sobre procedimentos de atendimentos na \u00e1rea de sa\u00fade e transfer\u00eancia escolar.<br \/>\nOs candidatos sorteados que possuem a SITUA\u00c7\u00c3O &#8220;EM DILIG\u00caNCIA&#8221;, est\u00e3o sendo convocados na ordem estabelecida pelo sorteio, para a entrega da documenta\u00e7\u00e3o que o Banco do Brasil est\u00e1 exigindo, possuindo o prazo de 30 (trinta) dias corridos a contar de 05 de Dezembro de 2018.<br \/>\nEstes dever\u00e3o comparecer \u00e0 Secretaria Municipal de Assist\u00eancia Social, localizada no Centro Social Urbano, situado \u00e0 Rua Jo\u00e3o Matiuzzi, 279, Parque Bela Vista, Apucarana\/PR, a partir de 05\/12, no per\u00edodo das 08h \u00e0s 17h.<br \/>\nEm contrapartida, os candidatos que possuem a SITUA\u00c7\u00c3O &#8220;APTO&#8221;, tiveram seus dossi\u00eas inicialmente aprovados pelo banco, todavia, ser\u00e3o submetidos \u00e0 an\u00e1lise contratual junto \u00e0 Institui\u00e7\u00e3o Financeira do empreendimento, Banco do Brasil, podendo haver pend\u00eancias que ser\u00e3o lan\u00e7adas em edital e que dever\u00e3o ser sanadas dentro do mesmo prazo de 30 (trinta) dias, a contar da publica\u00e7\u00e3o, a fim de concretiza\u00e7\u00e3o do tratado.<br \/>\nO processo seletivo ser\u00e1 finalizado pela valida\u00e7\u00e3o, por parte do Banco do Brasil, das informa\u00e7\u00f5es prestadas pelos candidatos junto a outros cadastros de administra\u00e7\u00e3o de \u00d3rg\u00e3os ou entidades do Governo Federal.<br \/>\n\u00c9 de rigor mencionar que os candidatos sorteados para compor o cadastro reserva somente ser\u00e3o convocados na eventualidade de exclus\u00e3o, desist\u00eancia, impedimento ou n\u00e3o cumprimento das normas do Programa Minha Casa Minha Vida daqueles sorteados para as referidas unidades habitacionais.<br \/>\nSe um candidato por ventura foi sorteado para a lista de espera de um grupo e, eventualmente, foi sorteado para um lote, prevalecer\u00e1 \u00e0 hierarquiza\u00e7\u00e3o que o beneficie e o pr\u00f3ximo da lista de espera subir\u00e1 uma posi\u00e7\u00e3o na lista de espera. A lista est\u00e1 inserida em link neste site.<br \/>\nCONFIRA A LISTA DOS CONTEMPLADOS APTOS E DOS QUE AINDA DEPENDEM DE DILIG\u00caNCIAS:<\/p>\n<ul>\n<li><a href=\"http:\/\/www.apucarana.pr.gov.br\/site\/wp-content\/uploads\/2018\/12\/LISTA-SORTEIO-SOLO-SAGRADO.pdf\">Lista dos contemplados aptos<\/a><\/li>\n<li><a href=\"http:\/\/www.apucarana.pr.gov.br\/site\/wp-content\/uploads\/2018\/12\/Diligencias.pdf\">Lista dos que dependem de dilig\u00eancias<\/a><\/li>\n<\/ul>\n","protected":false},"excerpt":{"rendered":"<p>Os contemplados devem comparecer \u00e0s 19 horas desta quarta-feira (05\/12) no Anfiteatro Gralha Azul, na Unespar\/Fecea, munidos de RG e CPF (Foto: Profeta)<\/p>\n","protected":false},"author":4,"featured_media":19522,"comment_status":"closed","ping_status":"open","sticky":false,"template":"","format":"standard","meta":{"footnotes":""},"categories":[24],"tags":[],"class_list":["post-19655","post","type-post","status-publish","format-standard","has-post-thumbnail","hentry","category-noticias"],"acf":[],"_links":{"self":[{"href":"http:\/\/www.apucarana.pr.gov.br\/site\/wp-json\/wp\/v2\/posts\/19655","targetHints":{"allow":["GET"]}}],"collection":[{"href":"http:\/\/www.apucarana.pr.gov.br\/site\/wp-json\/wp\/v2\/posts"}],"about":[{"href":"http:\/\/www.apucarana.pr.gov.br\/site\/wp-json\/wp\/v2\/types\/post"}],"author":[{"embeddable":true,"href":"http:\/\/www.apucarana.pr.gov.br\/site\/wp-json\/wp\/v2\/users\/4"}],"replies":[{"embeddable":true,"href":"http:\/\/www.apucarana.pr.gov.br\/site\/wp-json\/wp\/v2\/comments?post=19655"}],"version-history":[{"count":1,"href":"http:\/\/www.apucarana.pr.gov.br\/site\/wp-json\/wp\/v2\/posts\/19655\/revisions"}],"predecessor-version":[{"id":100901,"href":"http:\/\/www.apucarana.pr.gov.br\/site\/wp-json\/wp\/v2\/posts\/19655\/revisions\/100901"}],"wp:featuredmedia":[{"embeddable":true,"href":"http:\/\/www.apucarana.pr.gov.br\/site\/wp-json\/"}],"wp:attachment":[{"href":"http:\/\/www.apucarana.pr.gov.br\/site\/wp-json\/wp\/v2\/media?parent=19655"}],"wp:term":[{"taxonomy":"category","embeddable":true,"href":"http:\/\/www.apucarana.pr.gov.br\/site\/wp-json\/wp\/v2\/categories?post=19655"},{"taxonomy":"post_tag","embeddable":true,"href":"http:\/\/www.apucarana.pr.gov.br\/site\/wp-json\/wp\/v2\/tags?post=19655"}],"curies":[{"name":"wp","href":"https:\/\/api.w.org\/{rel}","templated":true}]}}