{"id":19168,"date":"2018-11-09T17:40:08","date_gmt":"2018-11-09T19:40:08","guid":{"rendered":"http:\/\/172.16.0.7\/site-antigo\/?p=19168"},"modified":"2024-10-08T09:17:35","modified_gmt":"2024-10-08T12:17:35","slug":"fashion-day-define-programacao-com-palestra-do-ceo-da-mormaii","status":"publish","type":"post","link":"http:\/\/www.apucarana.pr.gov.br\/site\/fashion-day-define-programacao-com-palestra-do-ceo-da-mormaii\/","title":{"rendered":"\u201cFashion Day\u201d define programa\u00e7\u00e3o com palestra de CEO da Mormaii"},"content":{"rendered":"<p>O Sindicato das Ind\u00fastrias do Vestu\u00e1rio de Apucarana e Vale do Iva\u00ed (Sivale) revelou nesta quinta-feira (09\/11) as 12 marcas que v\u00e3o desfilar na edi\u00e7\u00e3o 2018 do Apucarana Fashion Day (AFD) e divulgou a programa\u00e7\u00e3o completa do evento, que \u00e9 considerado pelos organizadores como o maior evento de moda do Norte do Paran\u00e1. Al\u00e9m do desfile das marcas selecionadas e rodada internacional de neg\u00f3cios com sete compradores de seis pa\u00edses da Am\u00e9rica Latina e Reino Unido, outro destaque do evento que acontece dias 29 e 30 de novembro, nas depend\u00eancias do Clube de Campo \u00c1gua Azul, ser\u00e1 a palestra do empres\u00e1rio Marco Aur\u00e9lio Raymundo, conhecido como Morongo, CEO (que \u00e9 o topo da hierarquia operacional de uma empresa) da Mormaii. Ele falar\u00e1 sobre \u201cO empres\u00e1rio e a marca: como inovar diante dos desafios di\u00e1rios\u201d.<br \/>\nA renda da palestra, cujos convites est\u00e3o \u00e0 venda no Sivale a R$50, ser\u00e1 revertida a dois projetos sociais de Apucarana: Escola de Desenvolvimento Humano Casa do Caminho (Edhucca) e Casa de Miseric\u00f3rdia, atrav\u00e9s do movimento social \u201c\u00c9 natural fazer o bem\u201d, cujo objetivo \u00e9 viabilizar um sistema de ilumina\u00e7\u00e3o fotovoltaica para a entidade.<br \/>\nA promo\u00e7\u00e3o do AFD, que est\u00e1 na quarta edi\u00e7\u00e3o, \u00e9 do Sivale, em parceria com o Sebrae, APL Bon\u00e9s e Rede CIM, correaliza\u00e7\u00e3o do Sebrae, patroc\u00ednio da FIEP e Senai com apoio do Sicoob e Prefeitura de Apucarana, atrav\u00e9s da Secretaria Municipal de Ind\u00fastria e Com\u00e9rcio. \u201cO Apucarana Fashion Day \u00e9 um evento de moda idealizado para destacar o nome e as ind\u00fastrias de Apucarana, que produzem com grande qualidade. Uma oportunidade de fazer neg\u00f3cio, de vender, por isso contamos com o interesse e participa\u00e7\u00e3o de lojistas n\u00e3o s\u00f3 de Apucarana, mas de todo o Paran\u00e1\u201d, informou Elizabete Ardigo, presidente do Sivale.<br \/>\nEla salienta que os lojistas que participarem ter\u00e3o condi\u00e7\u00f5es privilegiadas de compras. \u201cV\u00e3o estar em contato direto com a ind\u00fastria, podendo negociar pre\u00e7os diferenciados\u201d, frisou. At\u00e9 o momento j\u00e1 est\u00e3o confirmadas 22 ind\u00fastrias de Apucarana, Curitiba, Foz do Igua\u00e7u, Marumbi, Cascavel e Maring\u00e1. \u201cAs inscri\u00e7\u00f5es permanecem abertas at\u00e9 a pr\u00f3xima quarta-feira, dia 14. Interessados devem entrar em contato conosco no Sivale\u201d, disse Elizabete.<br \/>\nEm uma a\u00e7\u00e3o in\u00e9dita, ela informa que o Sivale est\u00e1 prospectando lojistas em todo o Paran\u00e1 e oferecer\u00e1 transporte gratuito para o evento. \u201cJ\u00e1 estamos em contato com v\u00e1rias associa\u00e7\u00f5es comerciais e muitas caravanas j\u00e1 confirmaram presen\u00e7a com vans e \u00f4nibus que v\u00e3o trazer para o AFD os empres\u00e1rios interessados\u201d, comunicou.<br \/>\nCom rela\u00e7\u00e3o \u00e0 palestra do CEO da Mormaii, Elizabete classificou como outro grande ganho do evento. \u201cMorongo vai trazer um \u201ccase\u201dde sucesso, falando sobre sua viv\u00eancia dentro do mundo dos neg\u00f3cios. Ele tem uma hist\u00f3ria que certamente dar\u00e1 uma inje\u00e7\u00e3o de \u00e2nimo a todos que assistirem\u201d, convidou a presidente do Sivale, relatando que o palestrante \u00e9 uma refer\u00eancia no mundo empresarial e det\u00e9m uma das marcas mais importantes do cen\u00e1rio nacional atual.<br \/>\nA programa\u00e7\u00e3o oficial do AFD 2018, que acontece no Clube de Campo \u00c1gua Azul, ser\u00e1 aberta \u00e0s 17h30 do dia 29 de novembro com recep\u00e7\u00e3o dos participantes seguida de showroom das 12 marcas selecionadas: Affair, Di Kouros, Fiokids, FZO, Griffe CO, John Roger, Manos Caps, Mavalle Malhas, Phitec Sportweer, Stooge, Titus Jeans e Wolke. A palestra com Morongo tem in\u00edcio \u00e0s 19h30 e, \u00e0s 20h45, desfiles das marcas.<br \/>\nA rodada internacional de neg\u00f3cios, que reunir\u00e1 em Apucarana compradores da Bol\u00edvia, Quatemala, Panam\u00e1, Per\u00fa, Uruguai e Reino Unido, ser\u00e1 dia 30 de novembro, das 9 \u00e0s 18 horas. A analista comercial do Sistema Fiep, Daniele Cristina Ara\u00fajo, revelou que o evento aconteceria em Curitiba, mas foi confirmado para a Cidade Alta sobretudo pelo destaque que o Apucarana Fashion Day vem conquistando ano a ano junto ao setor. \u201cO Sistema Fiep trabalha rodadas de neg\u00f3cios pelo Paran\u00e1 por seguimento e Apucarana, que j\u00e1 era um polo de bon\u00e9s muito vis\u00edvel, hoje vem se destacando no vestu\u00e1rio, na moda como um todo. Um trabalho conjunto muito bem feito por parte dos empres\u00e1rios, do sindicato local e do poder p\u00fablico, que possibilitou trazer esta rodada internacional para a cidade\u201d, pontuou Daniele. Segundo ela, o evento vai ter tradutores. \u201cAbrir as portas da exporta\u00e7\u00e3o para outros pa\u00edses \u00e9 algo muito dif\u00edcil e estamos possibilitando essa oportunidade bem pr\u00f3ximo agora, esperamos grande participa\u00e7\u00e3o. O empres\u00e1rio pode ficar tranquilo que haver\u00e1 tradutores para ajudar no di\u00e1logo\u201d, explicou a analista comercial do Sistema Fiep.<br \/>\nO custo de inscri\u00e7\u00e3o para a rodada de neg\u00f3cios \u00e9 de R$ 500 para a empresa que for associada ao Sivale. Os interessados em participar do Apucarana Fashion Day 2018, da palestra com o CEO da Mormaii e da rodada internacional de neg\u00f3cios devem ligar para telefone (43) 3422-0930. Mais informa\u00e7\u00f5es no site http:\/\/sivaleapucarana.com.br.<br \/>\nClique e ou\u00e7a esta mat\u00e9ria<br \/>\nElizabete Ardigo- presidente do Sivale<br \/>\nhttps:\/\/soundcloud.com\/prefeitura-municipal-apucarana\/elizabet-ardigo-apucarana-fashion-day-12-11-18<br \/>\nDaniele Cristina de Ara\u00fajo- analista Sistema Fiep<br \/>\nhttps:\/\/soundcloud.com\/prefeitura-municipal-apucarana\/daniele-cristina-araujo-apucarana-fashion-day-12-11-18<br \/>\nTha\u00eds Jer\u00f4nimo Duarte- volunt\u00e1ria- \u00c9 Natural Fazer o Bem<br \/>\nhttps:\/\/soundcloud.com\/prefeitura-municipal-apucarana\/thais-jeronimo-duarte-apucarana-fashion-day-12-11-18<\/p>\n","protected":false},"excerpt":{"rendered":"<p>Evento, que acontece dias 29 e 30 de novembro, nas depend\u00eancias do Clube de Campo \u00c1gua Azul, ter\u00e1 desfile das marcas selecionadas e rodada internacional de neg\u00f3cios com compradores de pa\u00edses da Am\u00e9rica Latina e Reino Unido (Foto: Edson Denobi)<\/p>\n","protected":false},"author":4,"featured_media":19171,"comment_status":"closed","ping_status":"open","sticky":false,"template":"","format":"standard","meta":{"footnotes":""},"categories":[24],"tags":[],"class_list":["post-19168","post","type-post","status-publish","format-standard","has-post-thumbnail","hentry","category-noticias"],"acf":[],"_links":{"self":[{"href":"http:\/\/www.apucarana.pr.gov.br\/site\/wp-json\/wp\/v2\/posts\/19168","targetHints":{"allow":["GET"]}}],"collection":[{"href":"http:\/\/www.apucarana.pr.gov.br\/site\/wp-json\/wp\/v2\/posts"}],"about":[{"href":"http:\/\/www.apucarana.pr.gov.br\/site\/wp-json\/wp\/v2\/types\/post"}],"author":[{"embeddable":true,"href":"http:\/\/www.apucarana.pr.gov.br\/site\/wp-json\/wp\/v2\/users\/4"}],"replies":[{"embeddable":true,"href":"http:\/\/www.apucarana.pr.gov.br\/site\/wp-json\/wp\/v2\/comments?post=19168"}],"version-history":[{"count":1,"href":"http:\/\/www.apucarana.pr.gov.br\/site\/wp-json\/wp\/v2\/posts\/19168\/revisions"}],"predecessor-version":[{"id":100951,"href":"http:\/\/www.apucarana.pr.gov.br\/site\/wp-json\/wp\/v2\/posts\/19168\/revisions\/100951"}],"wp:featuredmedia":[{"embeddable":true,"href":"http:\/\/www.apucarana.pr.gov.br\/site\/wp-json\/"}],"wp:attachment":[{"href":"http:\/\/www.apucarana.pr.gov.br\/site\/wp-json\/wp\/v2\/media?parent=19168"}],"wp:term":[{"taxonomy":"category","embeddable":true,"href":"http:\/\/www.apucarana.pr.gov.br\/site\/wp-json\/wp\/v2\/categories?post=19168"},{"taxonomy":"post_tag","embeddable":true,"href":"http:\/\/www.apucarana.pr.gov.br\/site\/wp-json\/wp\/v2\/tags?post=19168"}],"curies":[{"name":"wp","href":"https:\/\/api.w.org\/{rel}","templated":true}]}}