{"id":19161,"date":"2018-11-09T16:29:30","date_gmt":"2018-11-09T18:29:30","guid":{"rendered":"http:\/\/172.16.0.7\/site-antigo\/?p=19161"},"modified":"2024-10-08T09:17:35","modified_gmt":"2024-10-08T12:17:35","slug":"vice-prefeito-prestigia-seminario-da-utfpr","status":"publish","type":"post","link":"http:\/\/www.apucarana.pr.gov.br\/site\/vice-prefeito-prestigia-seminario-da-utfpr\/","title":{"rendered":"Vice-prefeito prestigia semin\u00e1rio da UTFPR"},"content":{"rendered":"<p>O Campus Apucarana da Universidade Tecnol\u00f3gica Federal do Paran\u00e1 sediando, nesta semana, dois grandes eventos institucionais: o Semin\u00e1rio de Inicia\u00e7\u00e3o Cient\u00edfica e Tecnol\u00f3gica \u2013 SICITE, e o Semin\u00e1rio de Extens\u00e3o e Inova\u00e7\u00e3o \u2013 SEI. Este \u00faltimo foi aberto na noite desta quinta-feira (8), em solenidade realizada no Audit\u00f3rio Galha Azul, no Campus da Unespar\/Fecea.<br \/>\nO vice-prefeito, Sebasti\u00e3o Ferreira Martins Junior, o \u201cJunior da Femac\u201d, representou o prefeito Beto Preto na abertura do semin\u00e1rio. Ele saudou as autoridades e deu boas vindas aos cerca de 1.500 acad\u00eamicos de campus da UTFPR no Paran\u00e1. \u201cPara n\u00f3s apucaranenses \u00e9 uma honra sediar este magn\u00edfico campus da UTFPR, que vem se expandindo e formando excelentes profissionais\u201d, assinalou Junior da Femac.<br \/>\nEle destacou ainda que o desenvolvimento do Brasil vem sendo alavancado pela qualidade de institui\u00e7\u00f5es como a UTFPR. \u201cEstas universidades p\u00fablicas , com ensino gratuito e de qualidade \u00e9 que fazem a diferen\u00e7a na vida das pessoas \u201c, enalteceu o vice-prefeito.<br \/>\nO Reitor Luiz Alberto Pilati disse que a UTFPR \u00e9 uma jovem universidade e j\u00e1 se destaca no cen\u00e1rio nacional e at\u00e9 internacional, com apenas 15 anos de atividades. \u201cEstamos entre as tr\u00eas melhores do Pa\u00eds no registro de patentes e softers. S\u00f3 neste ano j\u00e1 ultrapassamos a casa de 100 pedidos de registros\u201d, informou Pilati, reiterando a qualidade do ensino na UTFPR.<br \/>\nOs dois semin\u00e1rios envolvem a participa\u00e7\u00e3o da comunidade acad\u00eamica dos treze c\u00e2mpus da UTFPR no Estado: Apucarana, Campo Mour\u00e3o, Corn\u00e9lio Proc\u00f3pio, Curitiba, Dois Vizinhos, Francisco Beltr\u00e3o, Guarapuava, Londrina, Medianeira, Pato Branco, Ponta Grossa, Santa Helena, Toledo.<br \/>\nO SICITE foi aberto na segunda-feira, em sua 13\u00aa edi\u00e7\u00e3o. O semin\u00e1rio de inicia\u00e7\u00e3o cient\u00edfica \u00e9 considerado o principal evento multic\u00e2mpus da UTFPR, destinado a dar visibilidade aos trabalhos desenvolvidos pelos alunos de inicia\u00e7\u00e3o cient\u00edfica e de desenvolvimento tecnol\u00f3gico e inova\u00e7\u00e3o para toda a comunidade acad\u00eamica e a sociedade.<br \/>\nJ\u00e1 a 8\u00aa edi\u00e7\u00e3o do SEI, com foco em extens\u00e3o, inova\u00e7\u00e3o tecnol\u00f3gica e cultura desenvolvidas por acad\u00eamicos e servidores da UTFPR, teve suas atividades realizadas na quinta e sexta-feira.<br \/>\nNesta semana, o C\u00e2mpus Apucarana da UTFPR recepcionou aproximadamente 1500 alunos, que ficar\u00e3o hospedados na cidade para participar das atividades dos dois semin\u00e1rios.<\/p>\n","protected":false},"excerpt":{"rendered":"<p>Junior da Femac saudou o reitor Luiz Alberto Pilati e deu as boas vindas a 1.500 acad\u00eamicos de todo o Paran\u00e1 (Foto: Profeta)<\/p>\n","protected":false},"author":4,"featured_media":19162,"comment_status":"closed","ping_status":"open","sticky":false,"template":"","format":"standard","meta":{"footnotes":""},"categories":[24],"tags":[],"class_list":["post-19161","post","type-post","status-publish","format-standard","has-post-thumbnail","hentry","category-noticias"],"acf":[],"_links":{"self":[{"href":"http:\/\/www.apucarana.pr.gov.br\/site\/wp-json\/wp\/v2\/posts\/19161","targetHints":{"allow":["GET"]}}],"collection":[{"href":"http:\/\/www.apucarana.pr.gov.br\/site\/wp-json\/wp\/v2\/posts"}],"about":[{"href":"http:\/\/www.apucarana.pr.gov.br\/site\/wp-json\/wp\/v2\/types\/post"}],"author":[{"embeddable":true,"href":"http:\/\/www.apucarana.pr.gov.br\/site\/wp-json\/wp\/v2\/users\/4"}],"replies":[{"embeddable":true,"href":"http:\/\/www.apucarana.pr.gov.br\/site\/wp-json\/wp\/v2\/comments?post=19161"}],"version-history":[{"count":1,"href":"http:\/\/www.apucarana.pr.gov.br\/site\/wp-json\/wp\/v2\/posts\/19161\/revisions"}],"predecessor-version":[{"id":100952,"href":"http:\/\/www.apucarana.pr.gov.br\/site\/wp-json\/wp\/v2\/posts\/19161\/revisions\/100952"}],"wp:featuredmedia":[{"embeddable":true,"href":"http:\/\/www.apucarana.pr.gov.br\/site\/wp-json\/"}],"wp:attachment":[{"href":"http:\/\/www.apucarana.pr.gov.br\/site\/wp-json\/wp\/v2\/media?parent=19161"}],"wp:term":[{"taxonomy":"category","embeddable":true,"href":"http:\/\/www.apucarana.pr.gov.br\/site\/wp-json\/wp\/v2\/categories?post=19161"},{"taxonomy":"post_tag","embeddable":true,"href":"http:\/\/www.apucarana.pr.gov.br\/site\/wp-json\/wp\/v2\/tags?post=19161"}],"curies":[{"name":"wp","href":"https:\/\/api.w.org\/{rel}","templated":true}]}}