{"id":19113,"date":"2018-11-08T16:30:27","date_gmt":"2018-11-08T18:30:27","guid":{"rendered":"http:\/\/172.16.0.7\/site-antigo\/?p=19113"},"modified":"2024-10-08T09:17:35","modified_gmt":"2024-10-08T12:17:35","slug":"jogos-das-criancas-sao-concluidos-com-sucesso","status":"publish","type":"post","link":"http:\/\/www.apucarana.pr.gov.br\/site\/jogos-das-criancas-sao-concluidos-com-sucesso\/","title":{"rendered":"\u201cJogos das Crian\u00e7as\u201d s\u00e3o conclu\u00eddos com sucesso"},"content":{"rendered":"<p>A Prefeitura de Apucarana, por meio da Autarquia de Educa\u00e7\u00e3o e da Secretaria de Esportes, concluiu essa semana a 5\u00aa edi\u00e7\u00e3o dos Jogos das Crian\u00e7as das Escolas Municipais (Jocas). Desde o dia 22 de outubro, as competi\u00e7\u00f5es de bola queimada, basquete, handebol, futsal, v\u00f4lei e xadrez movimentaram 1.700 alunos com idades entre nove e onze anos.<br \/>\nA avalia\u00e7\u00e3o feita pela coordena\u00e7\u00e3o do Jocas foi bastante positiva. \u201cAs chuvas foram o \u00fanico contratempo que nos obrigaram a remarcar algumas partidas. Todo o restante aconteceu dentro do previsto. Destacamos o grande empenho dos atletas e seus professores, assim como o temperamento amistoso das disputas,\u201d afirmou a secret\u00e1ria de esportes, Jossuela Pinheiro.<br \/>\nJ\u00e1 a secret\u00e1ria de educa\u00e7\u00e3o, Marli Fernandes, observou a grande participa\u00e7\u00e3o dos pais e da comunidade em geral. \u201cSejam nos jogos das crian\u00e7as, nas corridas de rua ou no festival de atletismo, \u00e9 comum vermos as fam\u00edlias acompanhando as competi\u00e7\u00f5es e incentivando as crian\u00e7as. Isso \u00e9 muito importante,\u201d disse.<br \/>\nO futsal e o handebol foram as \u00faltimas modalidades a terem as partidas conclu\u00eddas. Conhe\u00e7a as equipes campe\u00e3s:<br \/>\n<strong>Futsal \u2013 Feminino<br \/>\n<\/strong>1\u00ba &#8211; Escola Dr. Edson Giacomini<br \/>\n2\u00ba &#8211; Escola Fernando Jos\u00e9 Acosta<br \/>\n3\u00ba &#8211; Escola Luiz Carlos Prestes<br \/>\n4\u00ba &#8211; Escola Jos\u00e9 Id\u00e9sio Brianezi<br \/>\n5\u00ba &#8211; Escola Professora Marilda Noli<br \/>\n6\u00ba &#8211; Escola Augusto Weyand<br \/>\n7\u00ba &#8211; Escola Dr. Joaquim Vicente de Castro<br \/>\n8\u00ba &#8211; Escola Antonieta da Silva Lautenschlager<br \/>\n9\u00ba &#8211; Escola Vereador Jos\u00e9 Ramos de Oliveira<br \/>\n<strong>Futsal \u2013 Masculino<br \/>\n<\/strong>1\u00ba &#8211; Escola Professor Alcides Ramos<br \/>\n2\u00ba &#8211; Escola Professor Bento Fernandes Dias<br \/>\n3\u00ba &#8211; Escola Vereador Jos\u00e9 Ramos de Oliveira<br \/>\n4\u00ba &#8211; Escola Juiz Luiz Fernando de Ara\u00fajo Pereira<br \/>\n5\u00ba &#8211; Escola Professor Idalice Moreira Prates<br \/>\n6\u00ba &#8211; Escola Albino Biacchi<br \/>\n7\u00ba &#8211; Escola Dr. Joaquim Vicente de Castro<br \/>\n8\u00ba &#8211; Escola Antonieta da Silva Lautenschlager<br \/>\n9\u00ba &#8211; Escola Dinarte Pereira de Ara\u00fajo<br \/>\n10\u00ba &#8211; Escola Luiz Carlos Prestes<br \/>\n<strong>Handebol \u2013 Feminino<br \/>\n<\/strong>1\u00ba &#8211; Escola Professor Bento Fernandes Dias<br \/>\n2\u00ba &#8211; Escola Vereador Jos\u00e9 Ramos de Oliveira<br \/>\n3\u00ba &#8211; Escola Luiz Carlos Prestes<br \/>\n4\u00ba &#8211; Escola Dr. Joaquim Vicente de Castro<br \/>\n5\u00ba &#8211; Escola Jos\u00e9 Id\u00e9sio Brianezi<br \/>\n6\u00ba &#8211; Escola Antonieta da Silva Lautenschlager<br \/>\n7\u00ba &#8211; Escola Jos\u00e9 de Alencar<br \/>\n8\u00ba &#8211; Escola Karel Kober<br \/>\n<strong>Handebol \u2013 Masculino<br \/>\n<\/strong>1\u00ba &#8211; Escola Karel Kober<br \/>\n2\u00ba &#8211; Escola Professor Bento Fernandes Dias<br \/>\n3\u00ba &#8211; Escola Luiz Carlos Prestes<br \/>\n4\u00ba &#8211; Escola Vereador Jos\u00e9 Ramos de Oliveira<br \/>\n5\u00ba &#8211; Escola Dr. Joaquim Vicente de Castro<br \/>\n6\u00ba &#8211; Escola Jos\u00e9 Id\u00e9sio Brianezi<br \/>\n7\u00ba &#8211; Escola Antonieta da Silva Lautenschlager<br \/>\n8\u00ba &#8211; Escola Vida Nova<br \/>\n9\u00ba &#8211; Escola Professora Marta Pereira da Silva<\/p>\n","protected":false},"excerpt":{"rendered":"<p>Desde o dia 22 de outubro, as competi\u00e7\u00f5es movimentaram 1.700 alunos da rede municipal com idades entre nove e onze anos (Fotos: Profeta)<\/p>\n","protected":false},"author":4,"featured_media":19115,"comment_status":"closed","ping_status":"open","sticky":false,"template":"","format":"standard","meta":{"footnotes":""},"categories":[24],"tags":[53,66,170,39],"class_list":["post-19113","post","type-post","status-publish","format-standard","has-post-thumbnail","hentry","category-noticias","tag-educacao","tag-esportes","tag-jogos-escolares","tag-prefeitura-de-apucarana"],"acf":[],"_links":{"self":[{"href":"http:\/\/www.apucarana.pr.gov.br\/site\/wp-json\/wp\/v2\/posts\/19113","targetHints":{"allow":["GET"]}}],"collection":[{"href":"http:\/\/www.apucarana.pr.gov.br\/site\/wp-json\/wp\/v2\/posts"}],"about":[{"href":"http:\/\/www.apucarana.pr.gov.br\/site\/wp-json\/wp\/v2\/types\/post"}],"author":[{"embeddable":true,"href":"http:\/\/www.apucarana.pr.gov.br\/site\/wp-json\/wp\/v2\/users\/4"}],"replies":[{"embeddable":true,"href":"http:\/\/www.apucarana.pr.gov.br\/site\/wp-json\/wp\/v2\/comments?post=19113"}],"version-history":[{"count":1,"href":"http:\/\/www.apucarana.pr.gov.br\/site\/wp-json\/wp\/v2\/posts\/19113\/revisions"}],"predecessor-version":[{"id":100957,"href":"http:\/\/www.apucarana.pr.gov.br\/site\/wp-json\/wp\/v2\/posts\/19113\/revisions\/100957"}],"wp:featuredmedia":[{"embeddable":true,"href":"http:\/\/www.apucarana.pr.gov.br\/site\/wp-json\/"}],"wp:attachment":[{"href":"http:\/\/www.apucarana.pr.gov.br\/site\/wp-json\/wp\/v2\/media?parent=19113"}],"wp:term":[{"taxonomy":"category","embeddable":true,"href":"http:\/\/www.apucarana.pr.gov.br\/site\/wp-json\/wp\/v2\/categories?post=19113"},{"taxonomy":"post_tag","embeddable":true,"href":"http:\/\/www.apucarana.pr.gov.br\/site\/wp-json\/wp\/v2\/tags?post=19113"}],"curies":[{"name":"wp","href":"https:\/\/api.w.org\/{rel}","templated":true}]}}