{"id":19075,"date":"2018-11-07T17:39:51","date_gmt":"2018-11-07T19:39:51","guid":{"rendered":"http:\/\/172.16.0.7\/site-antigo\/?p=19075"},"modified":"2024-10-08T09:17:35","modified_gmt":"2024-10-08T12:17:35","slug":"praca-da-vila-reis-ganha-iluminacao","status":"publish","type":"post","link":"http:\/\/www.apucarana.pr.gov.br\/site\/praca-da-vila-reis-ganha-iluminacao\/","title":{"rendered":"\u201cPra\u00e7a da Vila Reis\u201d ganha ilumina\u00e7\u00e3o"},"content":{"rendered":"<p>O Instituto de Desenvolvimento, Pesquisa e Planejamento da Prefeitura de Apucarana (Idepplan) conclui nesta sexta-feira (09\/11) a moderniza\u00e7\u00e3o do sistema de ilumina\u00e7\u00e3o p\u00fablica da pra\u00e7a da par\u00f3quia Nossa Senhora do Bom Conselho, no Distrito de Vila Reis. De acordo com o prefeito Beto Preto (PSD), o servi\u00e7o coloca o logradouro na lista das pra\u00e7as mais bem iluminadas da cidade.<br \/>\n\u201cTemos em execu\u00e7\u00e3o um projeto de valoriza\u00e7\u00e3o dos espa\u00e7os de conviv\u00eancia, que por muitos anos tiveram sua manuten\u00e7\u00e3o negligenciada por gest\u00f5es temer\u00e1rias\u201d, pontuou o prefeito Beto Preto. Segundo ele, a pra\u00e7a de Vila Reis era um destes locais, que n\u00e3o receberam a aten\u00e7\u00e3o merecida. \u201cO investimento que realizamos aqui nesta semana \u00e9 mais um compromisso honrado com a popula\u00e7\u00e3o. A ilumina\u00e7\u00e3o instalada \u00e9 a mesma de uma pra\u00e7a do centro de Apucarana\u201d, disse Beto Preto.<br \/>\nSegundo o diretor-presidente do Idepplan, engenheiro eletricista Lafayete Luz, o investimento autorizado pelo prefeito acaba com a precariedade do sistema. \u201cPara se ter uma no\u00e7\u00e3o, este local contava apenas com dois postes de concreto e ilumina\u00e7\u00e3o feita por dois bra\u00e7os de luz adaptados, o que popularmente chamamos de \u201cgambiarra\u201d. Apenas a parte frontal da pra\u00e7a era precariamente iluminada, ao passo que agora estamos instalando uma ilumina\u00e7\u00e3o de excelente qualidade em todo entorno do local\u201d, revelou Lafayete, durante vistoria dos servi\u00e7os realizada nesta quarta-feira (07\/11).<br \/>\nCom investimento na ordem de R$60 mil, com recursos da Cosip &#8211; Contribui\u00e7\u00e3o para o Custeio dos Servi\u00e7os de Ilumina\u00e7\u00e3o P\u00fablica -, est\u00e3o sendo instalados 21 postes ornamentais, com l\u00e2mpadas que variam entre 150 a 400 watts. \u201cTodos est\u00e3o bem distribu\u00eddos ao redor da pra\u00e7a, que ocupa posi\u00e7\u00e3o importante na comunidade\u201d, concluiu o diretor-presidente do Idepplan.<br \/>\n0800 \u2013 Ao falar sobre o investimento, o prefeito Beto Preto aproveitou a oportunidade para mais uma vez convocar a popula\u00e7\u00e3o a acionar o telefone \u201c0800\u201d para solicitar servi\u00e7os de manuten\u00e7\u00e3o da ilumina\u00e7\u00e3o p\u00fablica em Apucarana, como troca de l\u00e2mpadas queimadas. \u201cA popula\u00e7\u00e3o \u00e9 grande part\u00edcipe deste processo, ajudando a prefeitura no servi\u00e7o de zeladoria da cidade\u201d, lembrou o prefeito.<br \/>\nA solicita\u00e7\u00e3o do servi\u00e7o pode ser feita por qualquer pessoa, n\u00e3o precisa ser necessariamente o morador da resid\u00eancia cujo poste encontra-se com a l\u00e2mpada queimada. O telefone para acionar a troca \u00e9 o 0800-600-1428 (liga\u00e7\u00e3o gratuita). Basta repassar o endere\u00e7o ou uma refer\u00eancia de onde encontra-se o problema que a empresa respons\u00e1vel acionar\u00e1 uma equipe de manuten\u00e7\u00e3o.<\/p>\n","protected":false},"excerpt":{"rendered":"<p>Com recursos da Cosip &#8211; Contribui\u00e7\u00e3o para o Custeio dos Servi\u00e7os de Ilumina\u00e7\u00e3o P\u00fablica -, est\u00e3o sendo instalados 21 postes ornamentais, com l\u00e2mpadas que variam entre 150 a 400 watts (Foto: Edson Denobi)<\/p>\n","protected":false},"author":4,"featured_media":19078,"comment_status":"closed","ping_status":"open","sticky":false,"template":"","format":"standard","meta":{"footnotes":""},"categories":[24],"tags":[],"class_list":["post-19075","post","type-post","status-publish","format-standard","has-post-thumbnail","hentry","category-noticias"],"acf":[],"_links":{"self":[{"href":"http:\/\/www.apucarana.pr.gov.br\/site\/wp-json\/wp\/v2\/posts\/19075","targetHints":{"allow":["GET"]}}],"collection":[{"href":"http:\/\/www.apucarana.pr.gov.br\/site\/wp-json\/wp\/v2\/posts"}],"about":[{"href":"http:\/\/www.apucarana.pr.gov.br\/site\/wp-json\/wp\/v2\/types\/post"}],"author":[{"embeddable":true,"href":"http:\/\/www.apucarana.pr.gov.br\/site\/wp-json\/wp\/v2\/users\/4"}],"replies":[{"embeddable":true,"href":"http:\/\/www.apucarana.pr.gov.br\/site\/wp-json\/wp\/v2\/comments?post=19075"}],"version-history":[{"count":1,"href":"http:\/\/www.apucarana.pr.gov.br\/site\/wp-json\/wp\/v2\/posts\/19075\/revisions"}],"predecessor-version":[{"id":100961,"href":"http:\/\/www.apucarana.pr.gov.br\/site\/wp-json\/wp\/v2\/posts\/19075\/revisions\/100961"}],"wp:featuredmedia":[{"embeddable":true,"href":"http:\/\/www.apucarana.pr.gov.br\/site\/wp-json\/"}],"wp:attachment":[{"href":"http:\/\/www.apucarana.pr.gov.br\/site\/wp-json\/wp\/v2\/media?parent=19075"}],"wp:term":[{"taxonomy":"category","embeddable":true,"href":"http:\/\/www.apucarana.pr.gov.br\/site\/wp-json\/wp\/v2\/categories?post=19075"},{"taxonomy":"post_tag","embeddable":true,"href":"http:\/\/www.apucarana.pr.gov.br\/site\/wp-json\/wp\/v2\/tags?post=19075"}],"curies":[{"name":"wp","href":"https:\/\/api.w.org\/{rel}","templated":true}]}}