{"id":19034,"date":"2018-11-05T17:51:15","date_gmt":"2018-11-05T19:51:15","guid":{"rendered":"http:\/\/172.16.0.7\/site-antigo\/?p=19034"},"modified":"2024-10-08T09:17:36","modified_gmt":"2024-10-08T12:17:36","slug":"beto-preto-autoriza-licitacao-para-reforma-e-ampliacao-da-ubs-do-marcos-freire","status":"publish","type":"post","link":"http:\/\/www.apucarana.pr.gov.br\/site\/beto-preto-autoriza-licitacao-para-reforma-e-ampliacao-da-ubs-do-marcos-freire\/","title":{"rendered":"Beto Preto autoriza licita\u00e7\u00e3o para reforma  e\u00a0 amplia\u00e7\u00e3o da UBS do Marcos Freire"},"content":{"rendered":"<p>O prefeito Beto Preto autorizou hoje (5) a abertura de licita\u00e7\u00e3o para reforma e amplia\u00e7\u00e3o da Unidade B\u00e1sica de Sa\u00fade Julia Renczkowski, localizada no N\u00facleo Habitacional Marcos Freire. A obra est\u00e1 or\u00e7ada em R$ 114.541,64, com recursos pr\u00f3prios do munic\u00edpio.<br \/>\nA unidade receber\u00e1 amplia\u00e7\u00e3o da recep\u00e7\u00e3o, farm\u00e1cia, e das salas de espera (no conceito sala verde) e curativos. O total de amplia\u00e7\u00e3o da atual \u00e1rea da UBS ser\u00e1 de 34,69 m\u00b2.<br \/>\nHaver\u00e1 ainda troca de pisos, portas e janelas; pintura total do pr\u00e9dio, adequa\u00e7\u00e3o dos banheiros com foco na acessibilidade; instala\u00e7\u00e3o de bancadas em granito, assentamento de pastilhas 10 x10 verde e branca na \u00e1rea externa, bem como na recep\u00e7\u00e3o e circula\u00e7\u00e3o.<br \/>\nO projeto de reforma vai abranger uma \u00e1rea de 133,48 m\u00b2, no qual est\u00e1 inclu\u00edda a revis\u00e3o completa da cobertura e da rede el\u00e9trica da UBS. Com as adequa\u00e7\u00f5es a UBS do Marcos Freire passar\u00e1 a disponibilizar sala de vacinas para comunidade.<br \/>\nEm assembl\u00e9ia realizada no dia 22 de maio deste ano, moradores do N\u00facleo Habitacional Marcos Freire decidiram pela manuten\u00e7\u00e3o da Unidade B\u00e1sica de Sa\u00fade (UBS) J\u00falia Renczkowkski. Na pauta da reuni\u00e3o, proposta pela administra\u00e7\u00e3o municipal, foram apresentadas duas alternativas para o futuro da unidade do bairro.<br \/>\nUma das op\u00e7\u00f5es era pela manuten\u00e7\u00e3o e amplia\u00e7\u00e3o da UBS, com a necessidade de utilizar parte do terreno do centro comunit\u00e1rio que fica nos fundos da unidade de sa\u00fade. A segunda alternativa, que foi descartada em vota\u00e7\u00e3o aberta, seria pela desativa\u00e7\u00e3o da UBS, que passaria a ser absorvida pela UBS Maria do Caf\u00e9, localizada no Jardim Ponta Grossa.<br \/>\n<strong>Pacote prev\u00ea reformas em 34 unidades<\/strong><br \/>\nDentro do pacote de reformas das 34 UBSs do munic\u00edpio anunciado no primeiro semestre deste ano, o prefeito Beto Preto autorizou, primeiramente, a abertura de licita\u00e7\u00e3o das obras em cinco unidades de apoio da sa\u00fade: Unidade de Apoio Di\u00e1cono Jo\u00e3o C\u00e2ndido da Silva (Barreiro); Unidade de Apoio Joice Dias Piza (Recanto do Lago); Unidade de Apoio Arlinda Nogueira (S\u00e3o Domingos); Unidade de Apoio Calil Jo\u00e3o Miguel (Castelo Branco); e Unidade de Apoio Vila Rural Nova Ucr\u00e2nia. O custo previsto \u00e9 de R$ 133 mil, com recursos pr\u00f3prios do munic\u00edpio.<br \/>\nAinda em junho, o prefeito Beto Preto tamb\u00e9m assinou o processo licitat\u00f3rio para reforma da Unidade B\u00e1sica de Sa\u00fade Marcos Sanches Mascaro, no N\u00facleo Habitacional Parigot de Souza. Os servi\u00e7os v\u00e3o envolver recursos pr\u00f3prios do munic\u00edpio da ordem de R$ 34.593,88.<br \/>\nEm julho, a mesmo ato administrativo beneficiou mais tr\u00eas unidades de sa\u00fade: UBSs Mario Verussa, do distrito de Correio de Freitas; Mercedes da Silva Moreno, na Vila Regina; e a Unidade de Apoio da Sa\u00fade, Hermenegildo Neris Pereira, de S\u00e3o Pedro do Taquara.<br \/>\nCom recursos pr\u00f3prios, o munic\u00edpio vai investir R$ 263 mil nas tr\u00eas obras de reforma, sendo R$ 71.407,62 na UBS Hermenegildo Neris Pereira; R$ 52.724,14 UBS M\u00e1rio Verussa; e R$ 138.616,98 na UBS Mercedes Da Silva Moreno.<br \/>\nO prefeito Beto Preto lembrou que, somando as reformas e constru\u00e7\u00e3o de novos pr\u00e9dios das unidades de sa\u00fade, esse \u00e9 o maior volume de obras de sa\u00fade na hist\u00f3ria de Apucarana. \u201cNa nossa gest\u00e3o foram constru\u00eddas duas UBS, a Eunice Penharbel, do Residencial Sumatra, e a Em\u00edlia Cretuchi, no Parque Bela Vista. Est\u00e3o em constru\u00e7\u00e3o a nova UBS Oreste Marquito, no Jardim Marissol; Elayine Mazur, no Jardim Interlagos; e do Residencial Fariz Gebrin\u201d, relacionou Beto Preto.<br \/>\n&nbsp;<br \/>\n&nbsp;<br \/>\n&nbsp;<br \/>\n&nbsp;<br \/>\n&nbsp;<br \/>\n&nbsp;<br \/>\n&nbsp;<br \/>\n&nbsp;<br \/>\n&nbsp;<br \/>\n&nbsp;<\/p>\n","protected":false},"excerpt":{"rendered":"<p>Obra est\u00e1 or\u00e7ada em quase R$ 115 mil, com recursos pr\u00f3prios do munic\u00edpio <\/p>\n","protected":false},"author":4,"featured_media":19035,"comment_status":"closed","ping_status":"open","sticky":false,"template":"","format":"standard","meta":{"footnotes":""},"categories":[24],"tags":[],"class_list":["post-19034","post","type-post","status-publish","format-standard","has-post-thumbnail","hentry","category-noticias"],"acf":[],"_links":{"self":[{"href":"http:\/\/www.apucarana.pr.gov.br\/site\/wp-json\/wp\/v2\/posts\/19034","targetHints":{"allow":["GET"]}}],"collection":[{"href":"http:\/\/www.apucarana.pr.gov.br\/site\/wp-json\/wp\/v2\/posts"}],"about":[{"href":"http:\/\/www.apucarana.pr.gov.br\/site\/wp-json\/wp\/v2\/types\/post"}],"author":[{"embeddable":true,"href":"http:\/\/www.apucarana.pr.gov.br\/site\/wp-json\/wp\/v2\/users\/4"}],"replies":[{"embeddable":true,"href":"http:\/\/www.apucarana.pr.gov.br\/site\/wp-json\/wp\/v2\/comments?post=19034"}],"version-history":[{"count":1,"href":"http:\/\/www.apucarana.pr.gov.br\/site\/wp-json\/wp\/v2\/posts\/19034\/revisions"}],"predecessor-version":[{"id":100967,"href":"http:\/\/www.apucarana.pr.gov.br\/site\/wp-json\/wp\/v2\/posts\/19034\/revisions\/100967"}],"wp:featuredmedia":[{"embeddable":true,"href":"http:\/\/www.apucarana.pr.gov.br\/site\/wp-json\/"}],"wp:attachment":[{"href":"http:\/\/www.apucarana.pr.gov.br\/site\/wp-json\/wp\/v2\/media?parent=19034"}],"wp:term":[{"taxonomy":"category","embeddable":true,"href":"http:\/\/www.apucarana.pr.gov.br\/site\/wp-json\/wp\/v2\/categories?post=19034"},{"taxonomy":"post_tag","embeddable":true,"href":"http:\/\/www.apucarana.pr.gov.br\/site\/wp-json\/wp\/v2\/tags?post=19034"}],"curies":[{"name":"wp","href":"https:\/\/api.w.org\/{rel}","templated":true}]}}