{"id":19025,"date":"2018-11-05T16:09:06","date_gmt":"2018-11-05T18:09:06","guid":{"rendered":"http:\/\/172.16.0.7\/site-antigo\/?p=19025"},"modified":"2024-10-08T09:17:36","modified_gmt":"2024-10-08T12:17:36","slug":"concurso-agrinho-premia-dois-alunos-apucaranenses","status":"publish","type":"post","link":"http:\/\/www.apucarana.pr.gov.br\/site\/concurso-agrinho-premia-dois-alunos-apucaranenses\/","title":{"rendered":"Concurso Agrinho premia dois alunos apucaranenses"},"content":{"rendered":"<p>A Federa\u00e7\u00e3o da Agricultura do Estado do Paran\u00e1 (Faep\/Senar-PR) realizou, na manh\u00e3 de hoje (5), no Expotrade Pinhais, a premia\u00e7\u00e3o dos alunos que se destacaram na 23\u00aa edi\u00e7\u00e3o do Concurso Agrinho. Apucarana conquistou duas medalhas na fase regional da competi\u00e7\u00e3o.<br \/>\nAlexandra Valentina Escheembach de Oliveira, da Escola Municipal Albino Biacchi, foi a vencedora da categoria desenho, entre os alunos do 1\u00ba ano, na \u00e1rea de abrang\u00eancia de Londrina. Ela recebeu orienta\u00e7\u00f5es da professora Rafaela Elice Ferreira para o desenvolvimento da ilustra\u00e7\u00e3o.<br \/>\nJ\u00e1 a estudante Emanueli Vit\u00f3ria da Silva, da Escola Municipal Professora Marta Pereira da Silva, conquistou o primeiro lugar na categoria reda\u00e7\u00e3o, entre os concorrentes do 4\u00ba ano, tamb\u00e9m na divis\u00e3o de Londrina. A professora Odete Galan a auxiliou na produ\u00e7\u00e3o do texto.<br \/>\nEm 2018, o Programa Agrinho envolveu 800 mil alunos e 50 mil docentes das redes p\u00fablica e privada do Paran\u00e1. Durante todo o ano, eles refletiram sobre o tema \u201cAs coisas que ligam o campo e a cidade e nosso papel para melhorar o mundo\u201d. Cerca de 7 mil trabalhos foram inscritos no concurso.<br \/>\nAs duas alunas da rede municipal de Apucarana, assim como as respectivas professoras, receberam tablets de pr\u00eamio.<br \/>\nA secret\u00e1ria municipal de educa\u00e7\u00e3o, Marli Fernandes, acompanhou a premia\u00e7\u00e3o na regi\u00e3o metropolitana de Curitiba. \u201c\u00c9 uma alegria muito grande ver as nossas crian\u00e7as se destacando em concursos culturais. Isso significa que estamos no caminho certo, oferecendo a elas uma forma\u00e7\u00e3o capaz de transformar as suas vidas. Parab\u00e9ns a todos os vencedores!,\u201d disse.<\/p>\n","protected":false},"excerpt":{"rendered":"<p>Sete mil trabalhos de todo o Paran\u00e1 concorreram nas categorias desenho e reda\u00e7\u00e3o<\/p>\n","protected":false},"author":4,"featured_media":19028,"comment_status":"closed","ping_status":"open","sticky":false,"template":"","format":"standard","meta":{"footnotes":""},"categories":[24],"tags":[99,53,39,100,102],"class_list":["post-19025","post","type-post","status-publish","format-standard","has-post-thumbnail","hentry","category-noticias","tag-concurso-cultural","tag-educacao","tag-prefeitura-de-apucarana","tag-premiacao","tag-programa-agrinho"],"acf":[],"_links":{"self":[{"href":"http:\/\/www.apucarana.pr.gov.br\/site\/wp-json\/wp\/v2\/posts\/19025","targetHints":{"allow":["GET"]}}],"collection":[{"href":"http:\/\/www.apucarana.pr.gov.br\/site\/wp-json\/wp\/v2\/posts"}],"about":[{"href":"http:\/\/www.apucarana.pr.gov.br\/site\/wp-json\/wp\/v2\/types\/post"}],"author":[{"embeddable":true,"href":"http:\/\/www.apucarana.pr.gov.br\/site\/wp-json\/wp\/v2\/users\/4"}],"replies":[{"embeddable":true,"href":"http:\/\/www.apucarana.pr.gov.br\/site\/wp-json\/wp\/v2\/comments?post=19025"}],"version-history":[{"count":1,"href":"http:\/\/www.apucarana.pr.gov.br\/site\/wp-json\/wp\/v2\/posts\/19025\/revisions"}],"predecessor-version":[{"id":100968,"href":"http:\/\/www.apucarana.pr.gov.br\/site\/wp-json\/wp\/v2\/posts\/19025\/revisions\/100968"}],"wp:featuredmedia":[{"embeddable":true,"href":"http:\/\/www.apucarana.pr.gov.br\/site\/wp-json\/"}],"wp:attachment":[{"href":"http:\/\/www.apucarana.pr.gov.br\/site\/wp-json\/wp\/v2\/media?parent=19025"}],"wp:term":[{"taxonomy":"category","embeddable":true,"href":"http:\/\/www.apucarana.pr.gov.br\/site\/wp-json\/wp\/v2\/categories?post=19025"},{"taxonomy":"post_tag","embeddable":true,"href":"http:\/\/www.apucarana.pr.gov.br\/site\/wp-json\/wp\/v2\/tags?post=19025"}],"curies":[{"name":"wp","href":"https:\/\/api.w.org\/{rel}","templated":true}]}}