{"id":19019,"date":"2018-11-05T12:09:02","date_gmt":"2018-11-05T14:09:02","guid":{"rendered":"http:\/\/172.16.0.7\/site-antigo\/?p=19019"},"modified":"2024-10-08T09:17:36","modified_gmt":"2024-10-08T12:17:36","slug":"feira-incentiva-utilizacao-da-semente-crioula","status":"publish","type":"post","link":"http:\/\/www.apucarana.pr.gov.br\/site\/feira-incentiva-utilizacao-da-semente-crioula\/","title":{"rendered":"Feira incentiva utiliza\u00e7\u00e3o da semente crioula"},"content":{"rendered":"<p>O Sindicato dos Trabalhadores Rurais de Apucarana, em parceria com a Emater e Prefeitura, realiza nesta quinta-feira (08\/11) a 3\u00aa Feira de Sementes Crioula. O objetivo do evento \u00e9 incentivar a produ\u00e7\u00e3o org\u00e2nica, multiplicando o uso das sementes que s\u00e3o passadas de gera\u00e7\u00e3o em gera\u00e7\u00e3o. Al\u00e9m de palestras e concurso de culin\u00e1ria, a feira tamb\u00e9m contar\u00e1 com um momento para a troca das sementes crioulas entre os agricultores familiares.<br \/>\nO evento, que acontecer\u00e1 na sede do Sindicato dos Trabalhadores Rurais, ser\u00e1 aberto \u00e0s 8 horas com um caf\u00e9 da manh\u00e3. Na sequ\u00eancia haver\u00e1 tr\u00eas palestras: cr\u00e9dito rural e agricultura familiar; merenda escolar 100%\u00a0 org\u00e2nica at\u00e9 2030; e agroecologia.<br \/>\n\u00c0s 13 horas, haver\u00e1 a troca de semente entre os agricultores familiares. \u201cO objetivo \u00e9 que as sementes crioulas n\u00e3o fiquem restritas a poucos produtores. S\u00e3o sementes relacionadas \u00e0 economia familiar, como feij\u00e3o, milho, ab\u00f3bora e arroz. A troca tamb\u00e9m visa que elas sejam plantadas em solos diferentes, proporcionando a renova\u00e7\u00e3o natural da gen\u00e9tica\u201d, explica La\u00edde Lopes Suzuki, presidente do Sindicato dos trabalhadores Rurais.<br \/>\nA presidente do Sindicato dos Trabalhadores Rurais afirma que a semente crioula se contrap\u00f5e \u00e0s convencionais ou transg\u00eanicas. De acordo com ela, as sementes geneticamente modificadas est\u00e3o associadas a grandes extens\u00f5es de terra, ao uso de agrot\u00f3xicos e com a alta produtividade.<br \/>\nJ\u00e1 as sementes crioulas est\u00e3o relacionadas com a produ\u00e7\u00e3o org\u00e2nica e s\u00e3o variedades desenvolvidas, adaptadas ou produzidas por agricultores familiares, assentados da reforma agr\u00e1ria, quilombolas ou ind\u00edgenas. \u201cAo produzir a pr\u00f3pria semente, o agricultor familiar garante autonomia e diminui os custos na propriedade\u201d, analisa.<br \/>\nUma das palestras previstas na feira abordar\u00e1 a implanta\u00e7\u00e3o gradativa da merenda org\u00e2nica. Visando atender os Objetivos de Desenvolvimento do Mil\u00eanio, estados e munic\u00edpios est\u00e3o propondo a\u00e7\u00f5es para garantir que 100% da merenda escolar seja de produtos org\u00e2nicos. O governo do Paran\u00e1, por exemplo, j\u00e1 desenvolveu um estudo para implantar a merenda org\u00e2nica, gradativamente, at\u00e9 o ano de 2030.<br \/>\n\u201cEssa transi\u00e7\u00e3o come\u00e7a aos poucos e os agricultores familiares precisam ir se adaptando. Neste contexto entra tamb\u00e9m a semente crioula, que est\u00e1 associada \u00e0 produ\u00e7\u00e3o org\u00e2nica, n\u00e3o prejudica a sa\u00fade do homem e contribui com a preserva\u00e7\u00e3o do meio ambiente\u201d, frisa La\u00edde.<\/p>\n","protected":false},"excerpt":{"rendered":"<p>Evento acontece nesta quinta, na sede do Sindicato dos Trabalhadores Rurais de Apucarana. (Foto: Edson Denobi)<\/p>\n","protected":false},"author":4,"featured_media":19022,"comment_status":"closed","ping_status":"open","sticky":false,"template":"","format":"standard","meta":{"footnotes":""},"categories":[24],"tags":[],"class_list":["post-19019","post","type-post","status-publish","format-standard","has-post-thumbnail","hentry","category-noticias"],"acf":[],"_links":{"self":[{"href":"http:\/\/www.apucarana.pr.gov.br\/site\/wp-json\/wp\/v2\/posts\/19019","targetHints":{"allow":["GET"]}}],"collection":[{"href":"http:\/\/www.apucarana.pr.gov.br\/site\/wp-json\/wp\/v2\/posts"}],"about":[{"href":"http:\/\/www.apucarana.pr.gov.br\/site\/wp-json\/wp\/v2\/types\/post"}],"author":[{"embeddable":true,"href":"http:\/\/www.apucarana.pr.gov.br\/site\/wp-json\/wp\/v2\/users\/4"}],"replies":[{"embeddable":true,"href":"http:\/\/www.apucarana.pr.gov.br\/site\/wp-json\/wp\/v2\/comments?post=19019"}],"version-history":[{"count":1,"href":"http:\/\/www.apucarana.pr.gov.br\/site\/wp-json\/wp\/v2\/posts\/19019\/revisions"}],"predecessor-version":[{"id":100969,"href":"http:\/\/www.apucarana.pr.gov.br\/site\/wp-json\/wp\/v2\/posts\/19019\/revisions\/100969"}],"wp:featuredmedia":[{"embeddable":true,"href":"http:\/\/www.apucarana.pr.gov.br\/site\/wp-json\/"}],"wp:attachment":[{"href":"http:\/\/www.apucarana.pr.gov.br\/site\/wp-json\/wp\/v2\/media?parent=19019"}],"wp:term":[{"taxonomy":"category","embeddable":true,"href":"http:\/\/www.apucarana.pr.gov.br\/site\/wp-json\/wp\/v2\/categories?post=19019"},{"taxonomy":"post_tag","embeddable":true,"href":"http:\/\/www.apucarana.pr.gov.br\/site\/wp-json\/wp\/v2\/tags?post=19019"}],"curies":[{"name":"wp","href":"https:\/\/api.w.org\/{rel}","templated":true}]}}