{"id":19013,"date":"2018-11-05T11:48:58","date_gmt":"2018-11-05T13:48:58","guid":{"rendered":"http:\/\/172.16.0.7\/site-antigo\/?p=19013"},"modified":"2024-10-08T09:17:36","modified_gmt":"2024-10-08T12:17:36","slug":"prefeitura-promove-concurso-de-decoracao-natalina","status":"publish","type":"post","link":"http:\/\/www.apucarana.pr.gov.br\/site\/prefeitura-promove-concurso-de-decoracao-natalina\/","title":{"rendered":"Prefeitura promove concurso de decora\u00e7\u00e3o natalina"},"content":{"rendered":"<p>Visando estimular a ornamenta\u00e7\u00e3o da cidade para este fim de ano, a Prefeitura de Apucarana criou o Concurso Noite de Luz.\u00a0 Ser\u00e3o premiadas as tr\u00eas melhores decora\u00e7\u00f5es residenciais. O objetivo \u00e9 representar a tradi\u00e7\u00e3o do Natal, mantendo o esp\u00edrito natalino de fraternidade, coopera\u00e7\u00e3o e amor ao pr\u00f3ximo.<br \/>\nO concurso est\u00e1 sendo coordenado pela Secretaria Municipal da Promo\u00e7\u00e3o Art\u00edstica, Cultural e Tur\u00edstica de\u00a0<em>Apucarana<\/em>\u00a0(<em>Promatur<\/em>). As inscri\u00e7\u00f5es s\u00e3o gratuitas e acontecem no per\u00edodo de 26 de novembro a 15 de dezembro. As fichas devem ser retiradas na Promatur, localizada no Cine Teatro F\u00eanix, e os interessados dever\u00e3o informar no documento estarem cientes de que a resid\u00eancia dever\u00e1 permanecer enfeitada at\u00e9 o dia 6 de janeiro.<br \/>\n\u201cJ\u00e1 a divulga\u00e7\u00e3o do resultado e a entrega das premia\u00e7\u00f5es vai ocorrer no dia 28 de janeiro, fazendo parte das comemora\u00e7\u00f5es dos 75 anos de Apucarana\u201d, informa a professora Maria Agar, secret\u00e1ria da Promatur. \u00a0De acordo com ela, a casa melhor enfeitada receber\u00e1 R$ 800, enquanto o 2\u00ba lugar ficar\u00e1 com R$ 600 e o 3\u00ba lugar com R$ 400.<br \/>\nConforme o regulamento do concurso, a ornamenta\u00e7\u00e3o poder\u00e1 ser instalada nas fachadas e jardins das casas residenciais. \u201cUma comiss\u00e3o, composta por tr\u00eas pessoas, estar\u00e1 visitando os im\u00f3veis. Os crit\u00e9rios que ser\u00e3o avaliados s\u00e3o esp\u00edrito natalino, beleza e criatividade\u201d, cita Maria Agar, acrescentando que ser\u00e3o analisadas somente a decora\u00e7\u00e3o na parte externa e interna vis\u00edveis a partir da rua.<br \/>\nA secret\u00e1ria afirma que o concurso busca incentivar a popula\u00e7\u00e3o a enfeitar as resid\u00eancias para o per\u00edodo natalino. \u201cQueremos estimular a criatividade da comunidade, deixando a cidade de Apucarana mais bela para as festividades natalinas. O concurso busca incentivar a popula\u00e7\u00e3o para criar um clima especial, transmitindo o esp\u00edrito de fraternidade e amor ao pr\u00f3ximo \u201d, ressalta.<br \/>\nComo ocorre tradicionalmente, a Prefeitura tamb\u00e9m enfeitar\u00e1 trechos da \u00e1rea central neste per\u00edodo. \u201cA Prefeitura j\u00e1 est\u00e1 preparando a decora\u00e7\u00e3o natalina, trazendo neste ano novidades para motivar o com\u00e9rcio. Teremos tamb\u00e9m uma s\u00e9rie de eventos no Plat\u00f4 da Pra\u00e7a Rui Barbosa, buscando atrair a popula\u00e7\u00e3o dos bairros para o centro da cidade\u201d, refor\u00e7a a secret\u00e1ria.<\/p>\n","protected":false},"excerpt":{"rendered":"<p>A casa melhor enfeitada receber\u00e1 R$ 800, enquanto o 2\u00ba lugar ficar\u00e1 com R$ 600 e o 3\u00ba lugar com R$ 400. (Fotos: Edson Denobi)<\/p>\n","protected":false},"author":4,"featured_media":19015,"comment_status":"closed","ping_status":"open","sticky":false,"template":"","format":"standard","meta":{"footnotes":""},"categories":[24],"tags":[],"class_list":["post-19013","post","type-post","status-publish","format-standard","has-post-thumbnail","hentry","category-noticias"],"acf":[],"_links":{"self":[{"href":"http:\/\/www.apucarana.pr.gov.br\/site\/wp-json\/wp\/v2\/posts\/19013","targetHints":{"allow":["GET"]}}],"collection":[{"href":"http:\/\/www.apucarana.pr.gov.br\/site\/wp-json\/wp\/v2\/posts"}],"about":[{"href":"http:\/\/www.apucarana.pr.gov.br\/site\/wp-json\/wp\/v2\/types\/post"}],"author":[{"embeddable":true,"href":"http:\/\/www.apucarana.pr.gov.br\/site\/wp-json\/wp\/v2\/users\/4"}],"replies":[{"embeddable":true,"href":"http:\/\/www.apucarana.pr.gov.br\/site\/wp-json\/wp\/v2\/comments?post=19013"}],"version-history":[{"count":1,"href":"http:\/\/www.apucarana.pr.gov.br\/site\/wp-json\/wp\/v2\/posts\/19013\/revisions"}],"predecessor-version":[{"id":100970,"href":"http:\/\/www.apucarana.pr.gov.br\/site\/wp-json\/wp\/v2\/posts\/19013\/revisions\/100970"}],"wp:featuredmedia":[{"embeddable":true,"href":"http:\/\/www.apucarana.pr.gov.br\/site\/wp-json\/"}],"wp:attachment":[{"href":"http:\/\/www.apucarana.pr.gov.br\/site\/wp-json\/wp\/v2\/media?parent=19013"}],"wp:term":[{"taxonomy":"category","embeddable":true,"href":"http:\/\/www.apucarana.pr.gov.br\/site\/wp-json\/wp\/v2\/categories?post=19013"},{"taxonomy":"post_tag","embeddable":true,"href":"http:\/\/www.apucarana.pr.gov.br\/site\/wp-json\/wp\/v2\/tags?post=19013"}],"curies":[{"name":"wp","href":"https:\/\/api.w.org\/{rel}","templated":true}]}}