{"id":18909,"date":"2018-10-30T13:15:01","date_gmt":"2018-10-30T15:15:01","guid":{"rendered":"http:\/\/172.16.0.7\/site-antigo\/?p=18909"},"modified":"2024-10-08T09:17:37","modified_gmt":"2024-10-08T12:17:37","slug":"operadores-de-maquinas-participam-de-curso-de-readequacao-de-estradas","status":"publish","type":"post","link":"http:\/\/www.apucarana.pr.gov.br\/site\/operadores-de-maquinas-participam-de-curso-de-readequacao-de-estradas\/","title":{"rendered":"Operadores de m\u00e1quinas participam  de curso de readequa\u00e7\u00e3o de estradas"},"content":{"rendered":"<p>Operadores de m\u00e1quinas e respons\u00e1veis pela conserva\u00e7\u00e3o de estradas rurais de cinco munic\u00edpios da regi\u00e3o participaram de um curso de reciclagem. O treinamento, que contou com aulas te\u00f3ricas e pr\u00e1ticas, foi viabilizado atrav\u00e9s de um conv\u00eanio entre a Prefeitura de Apucarana e o n\u00facleo regional da Secretaria de Estado da Agricultura e do Abastecimento (Seab).<br \/>\nDe acordo com o prefeito Beto Preto e presidente da Associa\u00e7\u00e3o dos Munic\u00edpios do Vale do Iva\u00ed (Amuvi), o modelo de parceria \u00e9 in\u00e9dito no Paran\u00e1 para um curso de readequa\u00e7\u00e3o de estradas. \u201cAtendemos uma solicita\u00e7\u00e3o do n\u00facleo regional da Seab e firmamos o conv\u00eanio, garantindo o treinamento n\u00e3o apenas para os operadores da Secretaria de Servi\u00e7os P\u00fablicos mas tamb\u00e9m para funcion\u00e1rios de outros munic\u00edpios\u201d, frisa.<br \/>\nConforme Beto Preto, a Prefeitura de Apucarana cedeu as m\u00e1quinas e o combust\u00edvel para as atividades pr\u00e1ticas, que aconteceram na Estrada da Fazenda Galv\u00e3o, no Distrito de S\u00e3o Domingos. \u201c A maioria dos funcion\u00e1rios que opera as m\u00e1quinas nunca tinha participado de um curso espec\u00edfico de readequa\u00e7\u00e3o de estradas rurais, que focou a quest\u00e3o da trafegabilidade e a recupera\u00e7\u00e3o dentro das normas ambientais\u201d, observa Beto Preto, destacando que o curso foi viabilizado atrav\u00e9s do empenho da Secretaria de Servi\u00e7os P\u00fablicos e tamb\u00e9m do setor de licita\u00e7\u00e3o do Munic\u00edpio.<br \/>\nAo todo, 36 servidores participam do treinamento, dos quais 22 s\u00e3o da Prefeitura de Apucarana e os demais dos munic\u00edpios de\u00a0 Kalor\u00e9, Marumbi, Cambira e Maril\u00e2ndia do Sul. \u201c\u00c9 um modelo de parceria in\u00e9dito, que poder\u00e1 servir como exemplo aos demais munic\u00edpios\u201d, salienta M\u00e1rio Bezerra, chefe do n\u00facleo regional da Seab.<br \/>\nDe acordo com ele, o curso \u00e9 uma exig\u00eancia do Minist\u00e9rio P\u00fablico com o objetivo de que a readequa\u00e7\u00e3o dos leitos ocorra dentro das normas ambientais. \u201cUma das preocupa\u00e7\u00f5es \u00e9 com rela\u00e7\u00e3o \u00e0 \u00e1gua das chuvas, buscando evitar o assoreamento de rios\u201d, exemplifica.<br \/>\nO treinamento foi ministrado por Edson Angelo Mariotto, engenheiro agr\u00f4nomo da Seab. \u201c\u00c9 um curso de reciclagem para que o servi\u00e7o seja bem feito e dentro de crit\u00e9rios ambientais, refor\u00e7ando t\u00e9cnicas como de abaulamento de estradas, caixas de reten\u00e7\u00e3o de \u00e1gua, bigodes para terraceamento, lombadas e cascalhamento\u201d, cita Mariotto, informando que foram ministradas 20 aulas pr\u00e1ticas e quatro te\u00f3ricas. Ao final do curso, os participantes receber\u00e3o certificado.<br \/>\n&nbsp;<\/p>\n","protected":false},"excerpt":{"rendered":"<p>O treinamento foi viabilizado atrav\u00e9s de um conv\u00eanio entre a Prefeitura de Apucarana e o n\u00facleo regional da Seab (Fotos: Edson Denobi)<\/p>\n","protected":false},"author":4,"featured_media":18915,"comment_status":"closed","ping_status":"open","sticky":false,"template":"","format":"standard","meta":{"footnotes":""},"categories":[24],"tags":[],"class_list":["post-18909","post","type-post","status-publish","format-standard","has-post-thumbnail","hentry","category-noticias"],"acf":[],"_links":{"self":[{"href":"http:\/\/www.apucarana.pr.gov.br\/site\/wp-json\/wp\/v2\/posts\/18909","targetHints":{"allow":["GET"]}}],"collection":[{"href":"http:\/\/www.apucarana.pr.gov.br\/site\/wp-json\/wp\/v2\/posts"}],"about":[{"href":"http:\/\/www.apucarana.pr.gov.br\/site\/wp-json\/wp\/v2\/types\/post"}],"author":[{"embeddable":true,"href":"http:\/\/www.apucarana.pr.gov.br\/site\/wp-json\/wp\/v2\/users\/4"}],"replies":[{"embeddable":true,"href":"http:\/\/www.apucarana.pr.gov.br\/site\/wp-json\/wp\/v2\/comments?post=18909"}],"version-history":[{"count":1,"href":"http:\/\/www.apucarana.pr.gov.br\/site\/wp-json\/wp\/v2\/posts\/18909\/revisions"}],"predecessor-version":[{"id":100983,"href":"http:\/\/www.apucarana.pr.gov.br\/site\/wp-json\/wp\/v2\/posts\/18909\/revisions\/100983"}],"wp:featuredmedia":[{"embeddable":true,"href":"http:\/\/www.apucarana.pr.gov.br\/site\/wp-json\/"}],"wp:attachment":[{"href":"http:\/\/www.apucarana.pr.gov.br\/site\/wp-json\/wp\/v2\/media?parent=18909"}],"wp:term":[{"taxonomy":"category","embeddable":true,"href":"http:\/\/www.apucarana.pr.gov.br\/site\/wp-json\/wp\/v2\/categories?post=18909"},{"taxonomy":"post_tag","embeddable":true,"href":"http:\/\/www.apucarana.pr.gov.br\/site\/wp-json\/wp\/v2\/tags?post=18909"}],"curies":[{"name":"wp","href":"https:\/\/api.w.org\/{rel}","templated":true}]}}