{"id":18903,"date":"2018-10-29T18:49:46","date_gmt":"2018-10-29T20:49:46","guid":{"rendered":"http:\/\/172.16.0.7\/site-antigo\/?p=18903"},"modified":"2024-10-08T09:17:38","modified_gmt":"2024-10-08T12:17:38","slug":"primeiras-industrias-do-juruba-conquistam-incentivos-do-prodea","status":"publish","type":"post","link":"http:\/\/www.apucarana.pr.gov.br\/site\/primeiras-industrias-do-juruba-conquistam-incentivos-do-prodea\/","title":{"rendered":"Primeiras ind\u00fastrias do \u201cJuruba\u201d conquistam incentivos do Prodea"},"content":{"rendered":"<p>Com parecer favor\u00e1vel da Comiss\u00e3o Municipal de Desenvolvimento Econ\u00f4mico (CMDE) e projetos de lei aprovados pelos vereadores, o prefeito Beto Preto (PSD) sancionou nesta segunda-feira (29\/10) leis que concedem incentivos previstos no Programa de Desenvolvimento Econ\u00f4mico de Apucarana (Prodea) aos 10 primeiros empreendimentos do Parque Industrial da Juruba, tamb\u00e9m chamado de Cidade Industrial de Apucarana. Com previs\u00e3o de 237 lotes, o parque est\u00e1 em implanta\u00e7\u00e3o pela Prefeitura de Apucarana na regi\u00e3o Sul da cidade e, dentro de poucos meses, deve ter sua primeira etapa &#8211; com 31 lotes &#8211; liberada para que os empres\u00e1rios iniciem a expans\u00e3o de suas plantas industriais na cidade. \u201cNos pr\u00f3ximos dias estarei reunindo todos esses investidores para que possam assinar os contratos com o munic\u00edpio, firmando compromisso oficial de atender a todos os preceitos da Lei Municipal n\u00ba 009\/2002, que regulamenta o Prodea\u201d, observou o prefeito Beto Preto.<br \/>\nDas ind\u00fastrias beneficiadas, oito s\u00e3o do setor de confec\u00e7\u00f5es, uma na \u00e1rea de fabrica\u00e7\u00e3o de m\u00e1quinas e equipamentos para a agricultura e a pecu\u00e1ria, e outra do ramo da alimenta\u00e7\u00e3o (fabrica\u00e7\u00e3o de suco). A expectativa \u00e9 de que o prefeito Beto Preto possa inaugurar a primeira etapa j\u00e1 no in\u00edcio do pr\u00f3ximo ano. \u201cAssim que isso ocorrer, essas empresas poder\u00e3o dar in\u00edcio imediato \u00e0 expans\u00e3o de seus investimentos na cidade, gerando novos investimentos, emprego e renda para o munic\u00edpio\u201d, esclareceu o prefeito.<br \/>\nA proje\u00e7\u00e3o, de acordo com as propostas aprovadas pelos vereadores, \u00e9 de que os 10 empreendimentos juntos invistam pelo menos R$5 milh\u00f5es na constru\u00e7\u00e3o de suas novas plantas, ocupando terrenos industriais que v\u00e3o de 1.323,97 metros quadrados a 3,5 mil metros quadrados, resultando em aproximadamente 10 mil metros quadrados de ocupa\u00e7\u00e3o. \u201cS\u00e3o ind\u00fastrias que intencionam investimentos estruturais iniciais entre R$180 mil e R$1.850.000,00\u201d, relata Edson Estrope, secret\u00e1rio Municipal da Ind\u00fastria e Com\u00e9rcio. O faturamento anual do primeiro lote de empresas ultrapassa os R$31,5 milh\u00f5es. \u201cS\u00e3o empresas de v\u00e1rios portes, que declararam faturar entre R$900 mil e R$12 milh\u00f5es por ano\u201d, conta o secret\u00e1rio.<br \/>\nA expectativa \u00e9 de que pelo menos 200 empregos diretos sejam gerados inicialmente pelas empresas: AN 4 Jeans; Isaias A de Oliveira \u2013 Confec\u00e7\u00e3o; V.S. Ind\u00fastria e Com\u00e9rcio de Confec\u00e7\u00f5es Ltda.; Braforte Ind\u00fastria e Com\u00e9rcio de Tecidos e Confec\u00e7\u00f5es; Rhinosize Confec\u00e7\u00f5es Ltda; Ramos Ind\u00fastria e Com\u00e9rcio de Confec\u00e7\u00f5es; WE Confec\u00e7\u00f5es e Com\u00e9rcio de Bon\u00e9s Ltda.; Dedike Equipamentos Ltda; Universo do Rock Ltda.; e Mano Ind\u00fastria e Com\u00e9rcio Ltda. (Sunap).<br \/>\nOutros parques \u2013 Al\u00e9m dos primeiros empreendimentos da Cidade Industrial, o prefeito Beto Preto tamb\u00e9m sancionou incentivos do Prodea a outras duas ind\u00fastrias: Original Couro Ltda, especializada na fabrica\u00e7\u00e3o de produtos derivados de couro, que receber\u00e1 \u00e1rea de 1.417,82 metros quadrados no Parque Industrial Galan. A empresa, que tem um faturamento anual de R$4.840.000,00, projeta investir R$5,3 milh\u00f5es na constru\u00e7\u00e3o de sua planta industrial. J\u00e1 a K.X.V. Zambrano Embalagens, receber\u00e1 \u00e1rea de 1.319,98 metros quadrados na Gleba Pirap\u00f3. Com faturamento anual na ordem de R$475 mil, a proposta da industria de chapas e embalagens de papel\u00e3o ondulado \u00e9 investir cerca de R$950 mil na expans\u00e3o de suas atividades em Apucarana.<\/p>\n","protected":false},"excerpt":{"rendered":"<p>Das 10 ind\u00fastrias beneficiadas, sendo oito do setor de confec\u00e7\u00f5es, uma na \u00e1rea de fabrica\u00e7\u00e3o de m\u00e1quinas e equipamentos para a agricultura e a pecu\u00e1ria, e outra do ramo da alimenta\u00e7\u00e3o (fabrica\u00e7\u00e3o de suco) (Foto: Profeta)<\/p>\n","protected":false},"author":4,"featured_media":18904,"comment_status":"closed","ping_status":"open","sticky":false,"template":"","format":"standard","meta":{"footnotes":""},"categories":[24],"tags":[],"class_list":["post-18903","post","type-post","status-publish","format-standard","has-post-thumbnail","hentry","category-noticias"],"acf":[],"_links":{"self":[{"href":"http:\/\/www.apucarana.pr.gov.br\/site\/wp-json\/wp\/v2\/posts\/18903","targetHints":{"allow":["GET"]}}],"collection":[{"href":"http:\/\/www.apucarana.pr.gov.br\/site\/wp-json\/wp\/v2\/posts"}],"about":[{"href":"http:\/\/www.apucarana.pr.gov.br\/site\/wp-json\/wp\/v2\/types\/post"}],"author":[{"embeddable":true,"href":"http:\/\/www.apucarana.pr.gov.br\/site\/wp-json\/wp\/v2\/users\/4"}],"replies":[{"embeddable":true,"href":"http:\/\/www.apucarana.pr.gov.br\/site\/wp-json\/wp\/v2\/comments?post=18903"}],"version-history":[{"count":1,"href":"http:\/\/www.apucarana.pr.gov.br\/site\/wp-json\/wp\/v2\/posts\/18903\/revisions"}],"predecessor-version":[{"id":100984,"href":"http:\/\/www.apucarana.pr.gov.br\/site\/wp-json\/wp\/v2\/posts\/18903\/revisions\/100984"}],"wp:featuredmedia":[{"embeddable":true,"href":"http:\/\/www.apucarana.pr.gov.br\/site\/wp-json\/"}],"wp:attachment":[{"href":"http:\/\/www.apucarana.pr.gov.br\/site\/wp-json\/wp\/v2\/media?parent=18903"}],"wp:term":[{"taxonomy":"category","embeddable":true,"href":"http:\/\/www.apucarana.pr.gov.br\/site\/wp-json\/wp\/v2\/categories?post=18903"},{"taxonomy":"post_tag","embeddable":true,"href":"http:\/\/www.apucarana.pr.gov.br\/site\/wp-json\/wp\/v2\/tags?post=18903"}],"curies":[{"name":"wp","href":"https:\/\/api.w.org\/{rel}","templated":true}]}}