{"id":18896,"date":"2018-10-29T18:25:52","date_gmt":"2018-10-29T20:25:52","guid":{"rendered":"http:\/\/172.16.0.7\/site-antigo\/?p=18896"},"modified":"2024-10-08T09:17:38","modified_gmt":"2024-10-08T12:17:38","slug":"prefeitura-abre-licitacao-para-obras-na-escola-senador-marcos-freire","status":"publish","type":"post","link":"http:\/\/www.apucarana.pr.gov.br\/site\/prefeitura-abre-licitacao-para-obras-na-escola-senador-marcos-freire\/","title":{"rendered":"Prefeitura abre licita\u00e7\u00e3o para obras na Escola Senador Marcos Freire"},"content":{"rendered":"<p>O prefeito Beto Preto autorizou, no in\u00edcio da tarde de hoje (29), a abertura de processo licitat\u00f3rio para a execu\u00e7\u00e3o de obras em mais um estabelecimento de ensino. A contemplada dessa vez \u00e9 a Escola Municipal Senador Marcos de Barros Freire, no Jardim Ponta Grossa.<br \/>\nO projeto de engenharia prev\u00ea a reforma de 2.335,38 m<sup>2<\/sup> e a amplia\u00e7\u00e3o de 22,85 m<sup>2<\/sup>. Os principais servi\u00e7os a serem realizados s\u00e3o substitui\u00e7\u00e3o do telhado, troca do forro, instala\u00e7\u00e3o de mantas t\u00e9rmicas, troca dos pisos, revis\u00e3o das instala\u00e7\u00f5es el\u00e9tricas e hidr\u00e1ulicas, constru\u00e7\u00e3o de novos banheiros e mais duas salas de aula, melhorias na cozinha e no refeit\u00f3rio, aumento da \u00e1rea de servi\u00e7o, implanta\u00e7\u00e3o do portal de entrada e pintura geral do pr\u00e9dio.<br \/>\nAs benfeitorias v\u00e3o exigir um investimento aproximado de R$ 1,3 milh\u00e3o. \u201cGra\u00e7as \u00e0 economia que a prefeitura vem fazendo, os recursos j\u00e1 est\u00e3o em caixa. A expectativa \u00e9 que o processo licitat\u00f3rio seja conclu\u00eddo no m\u00eas de novembro e a obra iniciada at\u00e9 o final do ano,\u201d disse o prefeito.<br \/>\nA Escola Senador Marcos de Barros Freire possui 265 alunos matriculados no momento. \u201cA reforma desse pr\u00e9dio \u00e9 muito importante tanto para as crian\u00e7as que estudam ali como para a valoriza\u00e7\u00e3o do pr\u00f3prio bairro. Eu agrade\u00e7o \u00e0 administra\u00e7\u00e3o municipal pelas melhorias que tem feito na educa\u00e7\u00e3o. Hoje eu deixo meu filho na escola e sigo trabalhar tranquilo, pois sei que ele est\u00e1 em um local seguro e bem cuidado,\u201d afirmou o tesoureiro da Associa\u00e7\u00e3o de Pais, Mestres e Funcion\u00e1rios (APMF), Valdivino Freitas de Oliveira.<br \/>\nDesde 2013, a Prefeitura de Apucarana j\u00e1 autorizou a execu\u00e7\u00e3o de reformas em 47 escolas e centros infantis, al\u00e9m da constru\u00e7\u00e3o outras oito unidades de ensino. O montante aplicado supera R$ 34 milh\u00f5es. \u201cQuando as crian\u00e7as est\u00e3o em um ambiente limpo, bonito e acolhedor, a autoestima delas melhora e, consequentemente, o aprendizado tamb\u00e9m,\u201d acrescentou a secret\u00e1ria municipal de educa\u00e7\u00e3o, Marli Fernandes.<br \/>\nParticiparam ainda do ato no gabinete do prefeito Beto Preto, os vereadores Jos\u00e9 Airton Deco, Marcos da Vila Reis, Francisley Godoi (Poim), Luciano Molina e Ant\u00f4nio Carlos Sidrin.<br \/>\nClique e ou\u00e7a esta mat\u00e9ria<br \/>\nMarli Fernandes- secret\u00e1ria de Educa\u00e7\u00e3o<br \/>\nhttps:\/\/soundcloud.com\/prefeitura-municipal-apucarana\/marli-fernandes-escola-senador-29-10-18<br \/>\nBeto Preto- prefeito de Apucarana<br \/>\nhttps:\/\/soundcloud.com\/prefeitura-municipal-apucarana\/beto-preto-escola-senador-29-10-18<\/p>\n","protected":false},"excerpt":{"rendered":"<p>O projeto de engenharia prev\u00ea a reforma de 2.335,38 m2 e a amplia\u00e7\u00e3o de 22,85 m2 (Fotos: Edson Denobi)<\/p>\n","protected":false},"author":4,"featured_media":18897,"comment_status":"closed","ping_status":"open","sticky":false,"template":"","format":"standard","meta":{"footnotes":""},"categories":[24],"tags":[98,58,39,80],"class_list":["post-18896","post","type-post","status-publish","format-standard","has-post-thumbnail","hentry","category-noticias","tag-escola-municipal","tag-obras","tag-prefeitura-de-apucarana","tag-reforma-e-ampliacao"],"acf":[],"_links":{"self":[{"href":"http:\/\/www.apucarana.pr.gov.br\/site\/wp-json\/wp\/v2\/posts\/18896","targetHints":{"allow":["GET"]}}],"collection":[{"href":"http:\/\/www.apucarana.pr.gov.br\/site\/wp-json\/wp\/v2\/posts"}],"about":[{"href":"http:\/\/www.apucarana.pr.gov.br\/site\/wp-json\/wp\/v2\/types\/post"}],"author":[{"embeddable":true,"href":"http:\/\/www.apucarana.pr.gov.br\/site\/wp-json\/wp\/v2\/users\/4"}],"replies":[{"embeddable":true,"href":"http:\/\/www.apucarana.pr.gov.br\/site\/wp-json\/wp\/v2\/comments?post=18896"}],"version-history":[{"count":1,"href":"http:\/\/www.apucarana.pr.gov.br\/site\/wp-json\/wp\/v2\/posts\/18896\/revisions"}],"predecessor-version":[{"id":100985,"href":"http:\/\/www.apucarana.pr.gov.br\/site\/wp-json\/wp\/v2\/posts\/18896\/revisions\/100985"}],"wp:featuredmedia":[{"embeddable":true,"href":"http:\/\/www.apucarana.pr.gov.br\/site\/wp-json\/"}],"wp:attachment":[{"href":"http:\/\/www.apucarana.pr.gov.br\/site\/wp-json\/wp\/v2\/media?parent=18896"}],"wp:term":[{"taxonomy":"category","embeddable":true,"href":"http:\/\/www.apucarana.pr.gov.br\/site\/wp-json\/wp\/v2\/categories?post=18896"},{"taxonomy":"post_tag","embeddable":true,"href":"http:\/\/www.apucarana.pr.gov.br\/site\/wp-json\/wp\/v2\/tags?post=18896"}],"curies":[{"name":"wp","href":"https:\/\/api.w.org\/{rel}","templated":true}]}}