{"id":18766,"date":"2018-10-23T14:10:47","date_gmt":"2018-10-23T16:10:47","guid":{"rendered":"http:\/\/172.16.0.7\/site-antigo\/?p=18766"},"modified":"2024-10-08T09:17:39","modified_gmt":"2024-10-08T12:17:39","slug":"prefeitura-investe-r-670-mil-na-reforma-de-mais-uma-unidade-de-ensino","status":"publish","type":"post","link":"http:\/\/www.apucarana.pr.gov.br\/site\/prefeitura-investe-r-670-mil-na-reforma-de-mais-uma-unidade-de-ensino\/","title":{"rendered":"Prefeitura investe R$ 670 mil na reforma  de mais uma unidade de ensino"},"content":{"rendered":"<p>Ap\u00f3s meses de intenso trabalho e investimento de R$ 670 mil, a Escola Municipal Presidente M\u00e9dici foi totalmente reformada, ampliada e modernizada. O prefeito Beto Preto e a secret\u00e1ria de educa\u00e7\u00e3o Marli Fernandes entregaram ontem (22) o novo pr\u00e9dio \u00e0 comunidade do Jardim Apucarana e regi\u00e3o.<br \/>\nOs principais servi\u00e7os executados foram aumento do refeit\u00f3rio, da cozinha, da despensa e da lavanderia; adequa\u00e7\u00e3o do setor administrativo; reforma dos sanit\u00e1rios; revis\u00e3o das instala\u00e7\u00f5es el\u00e9tricas e hidr\u00e1ulicas; troca do forro; substitui\u00e7\u00e3o dos tacos de madeira por piso cer\u00e2mico; constru\u00e7\u00e3o de rampas, cal\u00e7ada e do portal de entrada; execu\u00e7\u00e3o de cobertura em policarbonato no acesso principal; e pintura do edif\u00edcio.<br \/>\nA quadra de esportes tamb\u00e9m recebeu melhorias, como troca de telhas quebradas, prote\u00e7\u00e3o das bases da estrutura met\u00e1lica e redemarca\u00e7\u00e3o do piso.<br \/>\nAs \u00e1reas reformada e ampliada foram respectivamente de 939,05 m<sup>2<\/sup> e 209, 48 m<sup>2<\/sup>. A diretora da institui\u00e7\u00e3o, Adriana Dubas, afirma que as obras possibilitaram o aumento do n\u00famero de alunos. \u201cAntes o pr\u00e9dio era antigo e tinha estrutura inadequada, mas agora temos seguran\u00e7a e comodidade para trabalhar. N\u00f3s tamb\u00e9m ganhamos mais quatro salas de aula que, aliadas ao per\u00edodo parcial, fizeram o atendimento saltar de 150 para 360 crian\u00e7as,\u201d afirmou.<br \/>\nA presidente da Associa\u00e7\u00e3o de Pais, Mestres e Funcion\u00e1rios (APMF), Andrea Alves, observou de perto a transforma\u00e7\u00e3o por que a Escola Presidente M\u00e9dici passou. \u201cEu sou m\u00e3e da Sofia que estuda aqui e estou sempre acompanhando os investimentos. Cada dia eu vejo um novo progresso, a educa\u00e7\u00e3o melhorando. Isso deixa a gente muito feliz,\u201d disse.<br \/>\nDesde 2013, a Prefeitura de Apucarana j\u00e1 investiu cerca de R$ 33 milh\u00f5es na edifica\u00e7\u00e3o ou revitaliza\u00e7\u00e3o de 54 unidades de ensino. Est\u00e3o em constru\u00e7\u00e3o no momento os Centros Municipais de Educa\u00e7\u00e3o Infantil (CMEIs) do N\u00facleo Afonso Camargo, Jardim Catua\u00ed e Residencial Celso Marchi. O processo licitat\u00f3rio para a execu\u00e7\u00e3o da escola do Jardim Interlagos tamb\u00e9m j\u00e1 foi conclu\u00eddo.<br \/>\n\u201c\u00c9 uma alegria muito grande ver que quase todos os pr\u00e9dios escolares da rede municipal j\u00e1 t\u00eam ambientes modernos e adequados para o desenvolvimento das atividades pedag\u00f3gicas. O nosso objetivo \u00e9 fazer melhorias nas 60 institui\u00e7\u00f5es at\u00e9 o final do mandato,\u201d afirmou a secret\u00e1ria municipal de educa\u00e7\u00e3o, Marli Fernandes.<br \/>\nO prefeito Beto Preto agradeceu aos pais e familiares dos alunos pela confian\u00e7a depositada no ensino p\u00fablico municipal. \u201cA educa\u00e7\u00e3o est\u00e1 transformando a vida das nossas crian\u00e7as, que atualmente est\u00e3o lendo melhor, fazendo contas com mais facilidade e se destacando na \u00e1rea da ci\u00eancia. Muito obrigado a todos que acreditam no nosso trabalho,\u201d disse.<br \/>\nClique e ou\u00e7a esta mat\u00e9ria<br \/>\nAdriana Dubas- diretora escola Presidente M\u00e9dici<br \/>\nhttps:\/\/soundcloud.com\/prefeitura-municipal-apucarana\/adriana-dubas-escola-presidente-medici-23-10-18<br \/>\nMarli Fernandes- secret\u00e1ria de Educa\u00e7\u00e3o Apucarana<br \/>\nhttps:\/\/soundcloud.com\/prefeitura-municipal-apucarana\/marli-fernandes-escola-presidente-medici-23-10-18<br \/>\nAdriana Alves- presidente APMF escola Presidente M\u00e9dici<br \/>\nhttps:\/\/soundcloud.com\/prefeitura-municipal-apucarana\/andrea-alves-escola-presidente-medice-23-10-18<br \/>\nBeto Preto- prefeito de Apucarana<br \/>\nhttps:\/\/soundcloud.com\/prefeitura-municipal-apucarana\/beto-preto-escola-presidente-medici-23-10-18<\/p>\n","protected":false},"excerpt":{"rendered":"<p>As obras da Escola Presidente M\u00e9dici foram entregues ontem \u00e0 comunidade do Jardim Apucarana (Fotos: Profeta)<\/p>\n","protected":false},"author":4,"featured_media":18768,"comment_status":"closed","ping_status":"open","sticky":false,"template":"","format":"standard","meta":{"footnotes":""},"categories":[24],"tags":[98,58,39,80],"class_list":["post-18766","post","type-post","status-publish","format-standard","has-post-thumbnail","hentry","category-noticias","tag-escola-municipal","tag-obras","tag-prefeitura-de-apucarana","tag-reforma-e-ampliacao"],"acf":[],"_links":{"self":[{"href":"http:\/\/www.apucarana.pr.gov.br\/site\/wp-json\/wp\/v2\/posts\/18766","targetHints":{"allow":["GET"]}}],"collection":[{"href":"http:\/\/www.apucarana.pr.gov.br\/site\/wp-json\/wp\/v2\/posts"}],"about":[{"href":"http:\/\/www.apucarana.pr.gov.br\/site\/wp-json\/wp\/v2\/types\/post"}],"author":[{"embeddable":true,"href":"http:\/\/www.apucarana.pr.gov.br\/site\/wp-json\/wp\/v2\/users\/4"}],"replies":[{"embeddable":true,"href":"http:\/\/www.apucarana.pr.gov.br\/site\/wp-json\/wp\/v2\/comments?post=18766"}],"version-history":[{"count":1,"href":"http:\/\/www.apucarana.pr.gov.br\/site\/wp-json\/wp\/v2\/posts\/18766\/revisions"}],"predecessor-version":[{"id":101003,"href":"http:\/\/www.apucarana.pr.gov.br\/site\/wp-json\/wp\/v2\/posts\/18766\/revisions\/101003"}],"wp:featuredmedia":[{"embeddable":true,"href":"http:\/\/www.apucarana.pr.gov.br\/site\/wp-json\/"}],"wp:attachment":[{"href":"http:\/\/www.apucarana.pr.gov.br\/site\/wp-json\/wp\/v2\/media?parent=18766"}],"wp:term":[{"taxonomy":"category","embeddable":true,"href":"http:\/\/www.apucarana.pr.gov.br\/site\/wp-json\/wp\/v2\/categories?post=18766"},{"taxonomy":"post_tag","embeddable":true,"href":"http:\/\/www.apucarana.pr.gov.br\/site\/wp-json\/wp\/v2\/tags?post=18766"}],"curies":[{"name":"wp","href":"https:\/\/api.w.org\/{rel}","templated":true}]}}