{"id":18658,"date":"2018-10-18T10:58:26","date_gmt":"2018-10-18T13:58:26","guid":{"rendered":"http:\/\/172.16.0.7\/site-antigo\/?p=18658"},"modified":"2024-10-08T09:17:40","modified_gmt":"2024-10-08T12:17:40","slug":"concurso-premia-as-melhores-redacoes-sobre-a-historia-do-cafe","status":"publish","type":"post","link":"http:\/\/www.apucarana.pr.gov.br\/site\/concurso-premia-as-melhores-redacoes-sobre-a-historia-do-cafe\/","title":{"rendered":"Concurso premia as melhores reda\u00e7\u00f5es  sobre a hist\u00f3ria do caf\u00e9"},"content":{"rendered":"<p>O cultivo do caf\u00e9 foi de fundamental import\u00e2ncia para a coloniza\u00e7\u00e3o e desenvolvimento da cidade de Apucarana. Pelo quinto ano consecutivo, os alunos da rede municipal tiveram a oportunidade de conhecer essa hist\u00f3ria por meio de um projeto desenvolvido em parceria pela Autarquia de Educa\u00e7\u00e3o (AME) e a Secretaria da Promo\u00e7\u00e3o Art\u00edstica Cultural e Tur\u00edstica (Promatur).<br \/>\nDe mar\u00e7o a agosto, 1.327 crian\u00e7as do 4\u00ba ano visitaram o Museu do Caf\u00e9, no Distrito de Pirap\u00f3. Os guias tur\u00edsticos da Promatur mostraram a eles as principais ferramentas que eram usadas no cultivo do gr\u00e3o at\u00e9 a d\u00e9cada de 1970 e os m\u00f3veis e utens\u00edlios que compunham as casas dos primeiros habitantes.<br \/>\n\u201cDe uma maneira geral, os alunos acharam o museu um local encantador e mostraram bastante curiosidade em rela\u00e7\u00e3o \u00e0 trajet\u00f3ria do nosso povo,\u201d afirmou\u00a0 a secret\u00e1ria da Promatur, Maria Agar Borba Ferreira.<br \/>\nDepois, os professores orientaram as crian\u00e7as a escreverem textos contando o que aprenderam. A melhor produ\u00e7\u00e3o escrita de cada escola foi premiada, ontem (17), no V Concurso de Reda\u00e7\u00e3o do Caf\u00e9, com certificados, medalhas e doces.<br \/>\n\u201cNos anos anteriores, n\u00f3s realiz\u00e1vamos a entrega dos pr\u00eamios durante a Festa do Caf\u00e9, no Pirap\u00f3. Apesar da Associa\u00e7\u00e3o dos Cafeicultores ter cancelado o evento em 2018, n\u00f3s seguimos com as atividades do projeto, porque elas v\u00eam ao encontro do curr\u00edculo escolar da nossa rede,\u201d explicou a diretora-presidente da AME, Marli Fernandes.<br \/>\nConhe\u00e7a os alunos condecorados no V Concurso de Reda\u00e7\u00e3o do Caf\u00e9:<\/p>\n<table width=\"714\">\n<tbody>\n<tr>\n<td width=\"282\">ESCOLA<\/td>\n<td width=\"432\">ALUNO<\/td>\n<\/tr>\n<tr>\n<td width=\"282\">01-Albino Biacchi<\/td>\n<td width=\"432\">Emilly Kauane de Souza Ramos<\/td>\n<\/tr>\n<tr>\n<td width=\"282\">02-Antonieta da Silva Lautenschlager<\/td>\n<td width=\"432\">Ana Clara EcKardt da Rosa<\/td>\n<\/tr>\n<tr>\n<td width=\"282\">03-Augusto Weyand<\/td>\n<td width=\"432\">Kevin Gualberto Pereira<\/td>\n<\/tr>\n<tr>\n<td width=\"282\">04-Dinarte Pereira de Araujo<\/td>\n<td width=\"432\">Luis Samuel Fujita Sene<\/td>\n<\/tr>\n<tr>\n<td width=\"282\">05-Dr. Edson Giacomini<\/td>\n<td width=\"432\">Luiz Fernando da Cruz Lopes<\/td>\n<\/tr>\n<tr>\n<td width=\"282\">06-Dr.Joaquim Vicente de Castro<\/td>\n<td width=\"432\">NiKole Nascimento da Silva Santos<\/td>\n<\/tr>\n<tr>\n<td width=\"282\">07- F\u00e1bio\u00a0 Henrique da Silva<\/td>\n<td width=\"432\">Hivana Cla\u00fadia Lemes<\/td>\n<\/tr>\n<tr>\n<td width=\"282\">08- Fernando\u00a0 Jos\u00e9 Acosta<\/td>\n<td width=\"432\">Isabella Let\u00edcia da Silva de Oliveira<\/td>\n<\/tr>\n<tr>\n<td width=\"282\">09-Gabriel de Lara<\/td>\n<td width=\"432\">Isabely Cristina de Souza Gaiquer<\/td>\n<\/tr>\n<tr>\n<td width=\"282\">10-Humberto de Alencar C. Branco<\/td>\n<td width=\"432\">Marya Jullia de Oliveira Anzen<\/td>\n<\/tr>\n<tr>\n<td width=\"282\">11-Jo\u00e3o Antonio Braga C\u00f4rtes<\/td>\n<td width=\"432\">Nath\u00e1lia Gomes Isidoro<\/td>\n<\/tr>\n<tr>\n<td width=\"282\">12-Jo\u00e3o Batista<\/td>\n<td width=\"432\">Damilly de Oliveira dos Santos<\/td>\n<\/tr>\n<tr>\n<td width=\"282\">13-Jos\u00e9 Brazil Camargo<\/td>\n<td width=\"432\">Maycon Douglas Rangel dos Santos<\/td>\n<\/tr>\n<tr>\n<td width=\"282\">14-Jos\u00e9 de Alencar<\/td>\n<td width=\"432\">Maria Eduarda Santos<\/td>\n<\/tr>\n<tr>\n<td width=\"282\">15-Jos\u00e9 Id\u00e9sio Brianezi<\/td>\n<td width=\"432\">Enzo Gabriel Louren\u00e7o Ferreira<\/td>\n<\/tr>\n<tr>\n<td width=\"282\">16-Juiz Luiz Fernando de A. Pereira<\/td>\n<td width=\"432\">Lorenna Gabrielly Alves dos Santos<\/td>\n<\/tr>\n<tr>\n<td width=\"282\">17-Karel Kober<\/td>\n<td width=\"432\">Kauan Ferrari da Silva<\/td>\n<\/tr>\n<tr>\n<td width=\"282\">18-Luiz Carlos Prestes<\/td>\n<td width=\"432\">Sthefany Souza de Azevedo<\/td>\n<\/tr>\n<tr>\n<td width=\"282\">19-Mateus Leme<\/td>\n<td width=\"432\">Julia Gabrielli Borghesan Moreira<\/td>\n<\/tr>\n<tr>\n<td width=\"282\">20-Monsenhor A. Beltrami<\/td>\n<td width=\"432\">Ana Carolina de Almeida Benites Vieira<\/td>\n<\/tr>\n<tr>\n<td width=\"282\">21-Padre Antonio Vieira<\/td>\n<td width=\"432\">Gustavo Darodda Mineo<\/td>\n<\/tr>\n<tr>\n<td width=\"282\">22-Papa Jo\u00e3o XXIII<\/td>\n<td width=\"432\">Beatriz Dias Vieira<\/td>\n<\/tr>\n<tr>\n<td width=\"282\">23-Pl\u00e1cido de Castro<\/td>\n<td width=\"432\">Ot\u00e1vio Augusto Leal Braniak<\/td>\n<\/tr>\n<tr>\n<td width=\"282\">24-Presidente M\u00e9dici<\/td>\n<td width=\"432\">Gabriel Caetano de Souza<\/td>\n<\/tr>\n<tr>\n<td width=\"282\">25-Prof\u00b0 Alcides Ramos<\/td>\n<td width=\"432\">Isabella Long Vicente<\/td>\n<\/tr>\n<tr>\n<td width=\"282\">26-Prof\u00b0 Bento Fernandes Dias<\/td>\n<td width=\"432\">Fernanda Emanuelle de Matos<\/td>\n<\/tr>\n<tr>\n<td width=\"282\">27-Prof\u00b0 Durval Pinto<\/td>\n<td width=\"432\">Pietra Eduarda Pereira da Silva<\/td>\n<\/tr>\n<tr>\n<td width=\"282\">28-Prof\u00b0 Idalice Moreira Prates<\/td>\n<td width=\"432\">Eyshila Yasmim Ferreira de Oliveira<\/td>\n<\/tr>\n<tr>\n<td width=\"282\">29-Prof\u00aa Maria Madalena Coc\u00f4<\/td>\n<td width=\"432\">Giovanna Gabrielle Laverde Guirro<\/td>\n<\/tr>\n<tr>\n<td width=\"282\">30-Prof\u00aa Marilda Duarte Noli<\/td>\n<td width=\"432\">Emanuely Tamires Bernardes Mendes<\/td>\n<\/tr>\n<tr>\n<td width=\"282\">31-Prof\u00aa Marta Pereira da Silva<\/td>\n<td width=\"432\">Gabriella Lichtenco Sincoski<\/td>\n<\/tr>\n<tr>\n<td width=\"282\">32-Senador Marcos de Barros Freire<\/td>\n<td width=\"432\">Gabrieli Veronese de Souza<\/td>\n<\/tr>\n<tr>\n<td width=\"282\">33-Vereador Jos\u00e9 Ramos de Oliveira<\/td>\n<td width=\"432\">Guilherme Domingos Roquette<\/td>\n<\/tr>\n<tr>\n<td width=\"282\">34-Vida Nova (Caic)<\/td>\n<td width=\"432\">Emilly Fernanda de Oliveira<\/td>\n<\/tr>\n<tr>\n<td width=\"282\">35-Wilson de Azevedo<\/td>\n<td width=\"432\">Ana Clara Tessaro<\/td>\n<\/tr>\n<\/tbody>\n<\/table>\n","protected":false},"excerpt":{"rendered":"<p>Esse ano, 1.327 alunos visitaram o museu e escreveram textos contando a trajet\u00f3ria do \u201couro verde\u201d em Apucarana (Fotos: Profeta)<\/p>\n","protected":false},"author":4,"featured_media":18662,"comment_status":"closed","ping_status":"open","sticky":false,"template":"","format":"standard","meta":{"footnotes":""},"categories":[24],"tags":[126,163,56,92],"class_list":["post-18658","post","type-post","status-publish","format-standard","has-post-thumbnail","hentry","category-noticias","tag-apucarana","tag-concurso-de-redacao-do-cafe","tag-educacao-integral","tag-escolas-municipais"],"acf":[],"_links":{"self":[{"href":"http:\/\/www.apucarana.pr.gov.br\/site\/wp-json\/wp\/v2\/posts\/18658","targetHints":{"allow":["GET"]}}],"collection":[{"href":"http:\/\/www.apucarana.pr.gov.br\/site\/wp-json\/wp\/v2\/posts"}],"about":[{"href":"http:\/\/www.apucarana.pr.gov.br\/site\/wp-json\/wp\/v2\/types\/post"}],"author":[{"embeddable":true,"href":"http:\/\/www.apucarana.pr.gov.br\/site\/wp-json\/wp\/v2\/users\/4"}],"replies":[{"embeddable":true,"href":"http:\/\/www.apucarana.pr.gov.br\/site\/wp-json\/wp\/v2\/comments?post=18658"}],"version-history":[{"count":1,"href":"http:\/\/www.apucarana.pr.gov.br\/site\/wp-json\/wp\/v2\/posts\/18658\/revisions"}],"predecessor-version":[{"id":101014,"href":"http:\/\/www.apucarana.pr.gov.br\/site\/wp-json\/wp\/v2\/posts\/18658\/revisions\/101014"}],"wp:featuredmedia":[{"embeddable":true,"href":"http:\/\/www.apucarana.pr.gov.br\/site\/wp-json\/"}],"wp:attachment":[{"href":"http:\/\/www.apucarana.pr.gov.br\/site\/wp-json\/wp\/v2\/media?parent=18658"}],"wp:term":[{"taxonomy":"category","embeddable":true,"href":"http:\/\/www.apucarana.pr.gov.br\/site\/wp-json\/wp\/v2\/categories?post=18658"},{"taxonomy":"post_tag","embeddable":true,"href":"http:\/\/www.apucarana.pr.gov.br\/site\/wp-json\/wp\/v2\/tags?post=18658"}],"curies":[{"name":"wp","href":"https:\/\/api.w.org\/{rel}","templated":true}]}}