{"id":18654,"date":"2018-10-17T16:06:23","date_gmt":"2018-10-17T19:06:23","guid":{"rendered":"http:\/\/172.16.0.7\/site-antigo\/?p=18654"},"modified":"2024-10-08T09:17:40","modified_gmt":"2024-10-08T12:17:40","slug":"primeiras-industrias-pleiteiam-expansao-junto-a-cidade-industrial","status":"publish","type":"post","link":"http:\/\/www.apucarana.pr.gov.br\/site\/primeiras-industrias-pleiteiam-expansao-junto-a-cidade-industrial\/","title":{"rendered":"Primeiras ind\u00fastrias pleiteiam expans\u00e3o junto \u00e0 \u201cCidade Industrial\u201d"},"content":{"rendered":"<p>Nove ind\u00fastrias, sendo oito do setor de confec\u00e7\u00f5es e uma na \u00e1rea de fabrica\u00e7\u00e3o de m\u00e1quinas e equipamentos para a agricultura e a pecu\u00e1ria, j\u00e1 t\u00eam parecer favor\u00e1vel da Comiss\u00e3o Municipal de Desenvolvimento Econ\u00f4mico (CMDE) para se instalarem no Parque Industrial da Juruba. O pr\u00f3ximo passo agora \u00e9 conquistarem autoriza\u00e7\u00e3o dos vereadores para terem acesso \u00e0 aliena\u00e7\u00e3o dos im\u00f3veis e \u00e0 concess\u00e3o de incentivos previstos no Programa de Desenvolvimento Econ\u00f4mico de Apucarana (Prodea), regido pela Lei Municipal n\u00ba 009\/2002. \u201cOs pedidos de instala\u00e7\u00e3o, visando expans\u00e3o de suas atividades econ\u00f4micas no munic\u00edpio, foram encaminhados nesta semana para a C\u00e2mara de Vereadores e devem ser votadas em sess\u00f5es extraordin\u00e1rias convocadas para estes dias 19, 22 e 23 de outubro, ou seja, para esta sexta-feira, segunda e ter\u00e7a-feira da pr\u00f3xima semana\u201d, informa Edson Estrope, secret\u00e1rio Municipal da Ind\u00fastria e Com\u00e9rcio.<br \/>\nCom \u201cconceito de cidade industrial\u201d, Estrope lembra que o parque est\u00e1 sendo implantado pela Prefeitura de Apucarana em um terreno de 23 alqueires junto \u00e0 BR-376, na regi\u00e3o Sul de Apucarana, sa\u00edda para Curitiba. De acordo com os pedidos de autoriza\u00e7\u00e3o formulados e enviados \u00e0 Casa de Leis, os nove empreendimentos juntos v\u00e3o investir pelo menos R$5 milh\u00f5es em constru\u00e7\u00e3o de suas novas plantas industriais, ocupando \u00e1reas que v\u00e3o de 1.323,97 metros quadrados a 3,5 mil metros quadrados, totalizando 17.045,10 metros quadrados de ocupa\u00e7\u00e3o. \u201cS\u00e3o ind\u00fastrias que intencionam investimentos estruturais iniciais entre R$180 mil e R$1.850.000,00\u201d, relata Estrope. O faturamento anual do primeiro lote de empresas totaliza R$31,5 milh\u00f5es. \u201cS\u00e3o empresas de v\u00e1rios portes, que declararam faturar entre R$900 mil e R$12 milh\u00f5es por ano\u201d, conta o secret\u00e1rio.<br \/>\nA expectativa \u00e9 de que pelo menos 200 empregos diretos sejam gerados inicialmente pelas empresas: AN 4 Jeans; Isaias A de Oliveira \u2013 Confec\u00e7\u00e3o; V.S. Ind\u00fastria e Com\u00e9rcio de Confec\u00e7\u00f5es Ltda.; Braforte Ind\u00fastria e Com\u00e9rcio de Tecidos e Confec\u00e7\u00f5es; Rhinosize Confec\u00e7\u00f5es Ltda; Ramos Ind\u00fastria e Com\u00e9rcio de Confec\u00e7\u00f5es; WE Confec\u00e7\u00f5es e Com\u00e9rcio de Bon\u00e9s Ltda.; Dedike Equipamentos Ltda; e Universo do Rock Ltda..<br \/>\nCom \u00e1rea total de 556 mil metros quadrados, o terreno do Parque Industrial da Juruba\/Cidade Industrial de Apucarana, fazia parte da antiga Fazenda Juruba, e \u00e9 apontado como o principal projeto para a expans\u00e3o industrial do Munic\u00edpio. \u201cContar\u00e1 com rede de \u00e1gua, esgoto, energia el\u00e9trica compat\u00edvel com atividades industriais, rede telef\u00f4nica e de fibra \u00f3tica, ilumina\u00e7\u00e3o e pavimenta\u00e7\u00e3o asf\u00e1ltica\u201d, lembra o prefeito Beto Preto (PSD).<br \/>\nA primeira etapa do empreendimento, projetado para um total de 237 lotes com \u00e1reas entre mil e dois mil metros quadrados, prev\u00ea a libera\u00e7\u00e3o de 31 lotes j\u00e1 para o in\u00edcio do pr\u00f3ximo ano. \u201cContratamos uma empreiteira especializada para dar forma a esta estrutura\u00e7\u00e3o\u201d, detalha o prefeito Beto Preto. O investimento \u00e9 na ordem de R$ 535.623,98, com recursos do pr\u00f3prio munic\u00edpio e a respons\u00e1vel pelo trabalho \u00e9 a Romo Pavimentadora Ltda. J\u00e1 a estimativa da prefeitura para a estrutura\u00e7\u00e3o completa do parque \u2013 que ser\u00e1 feita em quatro etapas \u2013 \u00e9 de que ser\u00e3o necess\u00e1rios cerca de R$10 milh\u00f5es.<\/p>\n","protected":false},"excerpt":{"rendered":"<p>Com previs\u00e3o de 237 lotes, o Parque Industrial da Juruba &#8211; em implanta\u00e7\u00e3o pela Prefeitura de Apucarana na regi\u00e3o Sul da cidade &#8211; deve ter sua primeira etapa com 31 lotes liberada no in\u00edcio do pr\u00f3ximo ano (Foto: Profeta)<\/p>\n","protected":false},"author":4,"featured_media":18656,"comment_status":"closed","ping_status":"open","sticky":false,"template":"","format":"standard","meta":{"footnotes":""},"categories":[24],"tags":[],"class_list":["post-18654","post","type-post","status-publish","format-standard","has-post-thumbnail","hentry","category-noticias"],"acf":[],"_links":{"self":[{"href":"http:\/\/www.apucarana.pr.gov.br\/site\/wp-json\/wp\/v2\/posts\/18654","targetHints":{"allow":["GET"]}}],"collection":[{"href":"http:\/\/www.apucarana.pr.gov.br\/site\/wp-json\/wp\/v2\/posts"}],"about":[{"href":"http:\/\/www.apucarana.pr.gov.br\/site\/wp-json\/wp\/v2\/types\/post"}],"author":[{"embeddable":true,"href":"http:\/\/www.apucarana.pr.gov.br\/site\/wp-json\/wp\/v2\/users\/4"}],"replies":[{"embeddable":true,"href":"http:\/\/www.apucarana.pr.gov.br\/site\/wp-json\/wp\/v2\/comments?post=18654"}],"version-history":[{"count":1,"href":"http:\/\/www.apucarana.pr.gov.br\/site\/wp-json\/wp\/v2\/posts\/18654\/revisions"}],"predecessor-version":[{"id":101015,"href":"http:\/\/www.apucarana.pr.gov.br\/site\/wp-json\/wp\/v2\/posts\/18654\/revisions\/101015"}],"wp:featuredmedia":[{"embeddable":true,"href":"http:\/\/www.apucarana.pr.gov.br\/site\/wp-json\/"}],"wp:attachment":[{"href":"http:\/\/www.apucarana.pr.gov.br\/site\/wp-json\/wp\/v2\/media?parent=18654"}],"wp:term":[{"taxonomy":"category","embeddable":true,"href":"http:\/\/www.apucarana.pr.gov.br\/site\/wp-json\/wp\/v2\/categories?post=18654"},{"taxonomy":"post_tag","embeddable":true,"href":"http:\/\/www.apucarana.pr.gov.br\/site\/wp-json\/wp\/v2\/tags?post=18654"}],"curies":[{"name":"wp","href":"https:\/\/api.w.org\/{rel}","templated":true}]}}