{"id":18651,"date":"2018-10-17T16:01:12","date_gmt":"2018-10-17T19:01:12","guid":{"rendered":"http:\/\/172.16.0.7\/site-antigo\/?p=18651"},"modified":"2024-10-08T09:17:40","modified_gmt":"2024-10-08T12:17:40","slug":"afd-tera-caravanas-gratuitas-para-lojistas-do-parana","status":"publish","type":"post","link":"http:\/\/www.apucarana.pr.gov.br\/site\/afd-tera-caravanas-gratuitas-para-lojistas-do-parana\/","title":{"rendered":"AFD ter\u00e1 caravanas gratuitas para lojistas do Paran\u00e1"},"content":{"rendered":"<p>Uma a\u00e7\u00e3o in\u00e9dita no Apucarana Fashion Day (AFD) 2018. O Sindicato das Ind\u00fastrias do Vestu\u00e1rio de Apucarana e Vale do Iva\u00ed (Sivale) est\u00e1 prospectando lojistas paranaenses, oferecendo transporte para o evento. Segundo a presidente do Sivale, Elizabete Ardigo, a entidade est\u00e1 em contato com v\u00e1rias associa\u00e7\u00f5es comerciais. \u201cAtrav\u00e9s delas, estamos divulgando e convidando seus associados aparticipar do AFD, no dia 29 de novembro\u201d, frisa Elizabete.<br \/>\nEm contrapartida, o Sivale oferece transporte gratuito em vans ou \u00f4nibus, para os empres\u00e1rios interessados. \u201c\u00c9 mais uma inova\u00e7\u00e3o da edi\u00e7\u00e3o deste ano. Onde pretendemos trazer compradores para conhecer as marcas que ir\u00e3o desfilar e ter showroons no AFD\u201d, explica Elizabete.<br \/>\nO trabalho de prospec\u00e7\u00e3o de lojistas n\u00e3o est\u00e1 se limitando a regi\u00e3o. \u201cTemos interessados do Vale do Iva\u00ed, mas estamos em contato tamb\u00e9m com lojistas da regi\u00e3o oeste, norte e sul do Paran\u00e1. Pretendemos ter um p\u00fablico qualificado, formado em boa parte com poss\u00edveis compradores das marcas que estar\u00e3o na passarela\u201d, conclui a presidente do Sivale. Os interessados em participar dessas caravanas do Apucarana Fashion Day devem ligar para telefone (43) 3422-0930.<br \/>\nO AFD acontece nos dias 29 e 30 de novembro, no Clube de Campo Agua Azul. \u00c9 uma realiza\u00e7\u00e3o do Sivale, APL e Rede CIM. Tem a coarealiza\u00e7\u00e3o do Sebrae; patroc\u00ednio da FIEP e Senai; apoio da Acia, Sicoob e Prefeitura de Apucarana.<\/p>\n","protected":false},"excerpt":{"rendered":"<p>O AFD acontece nos dias 29 e 30 de novembro, no Clube de Campo Agua Azul. \u00c9 uma realiza\u00e7\u00e3o do Sivale, APL e Rede CIM. Tem a coarealiza\u00e7\u00e3o do Sebrae; patroc\u00ednio da FIEP e Senai; apoio da Acia, Sicoob e Prefeitura de Apucarana (Foto: Profeta\/arquivo)<\/p>\n","protected":false},"author":4,"featured_media":18652,"comment_status":"closed","ping_status":"open","sticky":false,"template":"","format":"standard","meta":{"footnotes":""},"categories":[24],"tags":[],"class_list":["post-18651","post","type-post","status-publish","format-standard","has-post-thumbnail","hentry","category-noticias"],"acf":[],"_links":{"self":[{"href":"http:\/\/www.apucarana.pr.gov.br\/site\/wp-json\/wp\/v2\/posts\/18651","targetHints":{"allow":["GET"]}}],"collection":[{"href":"http:\/\/www.apucarana.pr.gov.br\/site\/wp-json\/wp\/v2\/posts"}],"about":[{"href":"http:\/\/www.apucarana.pr.gov.br\/site\/wp-json\/wp\/v2\/types\/post"}],"author":[{"embeddable":true,"href":"http:\/\/www.apucarana.pr.gov.br\/site\/wp-json\/wp\/v2\/users\/4"}],"replies":[{"embeddable":true,"href":"http:\/\/www.apucarana.pr.gov.br\/site\/wp-json\/wp\/v2\/comments?post=18651"}],"version-history":[{"count":1,"href":"http:\/\/www.apucarana.pr.gov.br\/site\/wp-json\/wp\/v2\/posts\/18651\/revisions"}],"predecessor-version":[{"id":101016,"href":"http:\/\/www.apucarana.pr.gov.br\/site\/wp-json\/wp\/v2\/posts\/18651\/revisions\/101016"}],"wp:featuredmedia":[{"embeddable":true,"href":"http:\/\/www.apucarana.pr.gov.br\/site\/wp-json\/"}],"wp:attachment":[{"href":"http:\/\/www.apucarana.pr.gov.br\/site\/wp-json\/wp\/v2\/media?parent=18651"}],"wp:term":[{"taxonomy":"category","embeddable":true,"href":"http:\/\/www.apucarana.pr.gov.br\/site\/wp-json\/wp\/v2\/categories?post=18651"},{"taxonomy":"post_tag","embeddable":true,"href":"http:\/\/www.apucarana.pr.gov.br\/site\/wp-json\/wp\/v2\/tags?post=18651"}],"curies":[{"name":"wp","href":"https:\/\/api.w.org\/{rel}","templated":true}]}}