{"id":18627,"date":"2018-10-17T11:13:35","date_gmt":"2018-10-17T14:13:35","guid":{"rendered":"http:\/\/172.16.0.7\/site-antigo\/?p=18627"},"modified":"2024-10-08T09:17:40","modified_gmt":"2024-10-08T12:17:40","slug":"comerciantes-receberao-mais-para-vender-cartao-do-rotativo","status":"publish","type":"post","link":"http:\/\/www.apucarana.pr.gov.br\/site\/comerciantes-receberao-mais-para-vender-cartao-do-rotativo\/","title":{"rendered":"Comerciantes receber\u00e3o mais para vender cart\u00e3o do rotativo"},"content":{"rendered":"<p>Os estabelecimentos comerciais que vendem o cart\u00e3o do Sistema de Estacionamento Rotativo (Zona Azul) ser\u00e3o melhor remunerados. Em reconhecimento pelo servi\u00e7o prestado, o Executivo Municipal est\u00e1 propondo aumentar de 5% para 10% o percentual destinado aos pontos de venda. A medida, entretanto, n\u00e3o afetar\u00e1 o valor final do cart\u00e3o para o usu\u00e1rio que continuar\u00e1 o mesmo.<br \/>\nNa exposi\u00e7\u00e3o de motivos do projeto de lei 135\/2018, que est\u00e1 sendo encaminhada para a C\u00e2mara de Vereadores, o prefeito Beto Preto argumenta que a medida \u00e9 um reconhecimento ao servi\u00e7o prestado pelos estabelecimentos comerciais e busca tamb\u00e9m aumentar o n\u00famero de pontos de venda, facilitando o acesso aos motoristas.<br \/>\nAtualmente, existem cerca de 50 pontos de venda na cidade. \u201cConseguimos viabilizar o servi\u00e7o gra\u00e7as aos pontos de venda credenciados atrav\u00e9s de chamamento p\u00fablico, uma vez que o Tribunal de Contas do Estado n\u00e3o permite que agentes p\u00fablicos recebam o pagamento diretamente\u201d, esclarece Carlos Mendes, superintendente municipal de Tr\u00e2nsito, Transporte e Seguran\u00e7a.<br \/>\nO sistema, que possui 1.400 vagas demarcadas, \u00a0\u00e9 gerenciado pelo Instituto de Desenvolvimento, Pesquisa e Planejamento de Apucarana (Idepplan). Para fiscalizar as \u00e1reas de estacionamento, o Munic\u00edpio contratou 8 agentes de tr\u00e2nsito e abriu um escrit\u00f3rio de atendimento, localizado no Terminal Rodovi\u00e1rio Jo\u00e3o Batista Boscardin Junior.<br \/>\nConforme Mendes, os recursos arrecadados com a venda dos cart\u00f5es s\u00e3o utilizados para a manuten\u00e7\u00e3o do sistema. \u201cA Prefeitura est\u00e1 abrindo m\u00e3o de um percentual, reconhecendo a import\u00e2ncia do trabalho desenvolvido pelos pontos de venda. Os comerciantes j\u00e1 vinham reivindicando esse reajuste, especialmente porque em hor\u00e1rios de grande movimento nos estabelecimentos \u00e9 necess\u00e1rio, muitas vezes, deixar um funcion\u00e1rio especificamente para a venda dos cart\u00f5es\u201d, explica.<br \/>\nAtualmente, o motorista encontra nos pontos de venda cart\u00f5es de meia hora por R$ 0,80 e de uma hora por R$ 1,60. \u201cPara cada cart\u00e3o de uma hora vendido, o valor que ficar\u00e1 com o estabelecimento comercial passar\u00e1 de R$ 0,08 para R$ 0,16\u201d, exemplifica Mendes.<br \/>\nOs pontos de venda possuem placas de identifica\u00e7\u00e3o fixados em locais bem vis\u00edveis. J\u00e1 os tal\u00f5es foram confeccionados no formato de \u201craspadinha\u201d. Os espa\u00e7os referentes ao dia, hora e minutos devem ser marcados pelos pr\u00f3prios motoristas.\u00a0\u201cQuem deixar de utilizar o cart\u00e3o da Zona Azul, recebe um aviso de irregularidade emitido pelos agentes de tr\u00e2nsito. A pessoa, ent\u00e3o, dever\u00e1 se dirigir at\u00e9 o escrit\u00f3rio de atendimento para gerar uma guia de pagamento, que poder\u00e1 ser quitada na Caixa Econ\u00f4mica Federal, lot\u00e9ricas ou via internet\u201d, refor\u00e7a o superintendente municipal de Tr\u00e2nsito.<\/p>\n","protected":false},"excerpt":{"rendered":"<p>Em reconhecimento pelo servi\u00e7o prestado, o Munic\u00edpio est\u00e1 propondo aumentar de 5% para 10% o percentual sobre os cart\u00f5es vendidos. (Foto: Edson Denobi)<\/p>\n","protected":false},"author":4,"featured_media":18630,"comment_status":"closed","ping_status":"open","sticky":false,"template":"","format":"standard","meta":{"footnotes":""},"categories":[24],"tags":[],"class_list":["post-18627","post","type-post","status-publish","format-standard","has-post-thumbnail","hentry","category-noticias"],"acf":[],"_links":{"self":[{"href":"http:\/\/www.apucarana.pr.gov.br\/site\/wp-json\/wp\/v2\/posts\/18627","targetHints":{"allow":["GET"]}}],"collection":[{"href":"http:\/\/www.apucarana.pr.gov.br\/site\/wp-json\/wp\/v2\/posts"}],"about":[{"href":"http:\/\/www.apucarana.pr.gov.br\/site\/wp-json\/wp\/v2\/types\/post"}],"author":[{"embeddable":true,"href":"http:\/\/www.apucarana.pr.gov.br\/site\/wp-json\/wp\/v2\/users\/4"}],"replies":[{"embeddable":true,"href":"http:\/\/www.apucarana.pr.gov.br\/site\/wp-json\/wp\/v2\/comments?post=18627"}],"version-history":[{"count":1,"href":"http:\/\/www.apucarana.pr.gov.br\/site\/wp-json\/wp\/v2\/posts\/18627\/revisions"}],"predecessor-version":[{"id":101018,"href":"http:\/\/www.apucarana.pr.gov.br\/site\/wp-json\/wp\/v2\/posts\/18627\/revisions\/101018"}],"wp:featuredmedia":[{"embeddable":true,"href":"http:\/\/www.apucarana.pr.gov.br\/site\/wp-json\/"}],"wp:attachment":[{"href":"http:\/\/www.apucarana.pr.gov.br\/site\/wp-json\/wp\/v2\/media?parent=18627"}],"wp:term":[{"taxonomy":"category","embeddable":true,"href":"http:\/\/www.apucarana.pr.gov.br\/site\/wp-json\/wp\/v2\/categories?post=18627"},{"taxonomy":"post_tag","embeddable":true,"href":"http:\/\/www.apucarana.pr.gov.br\/site\/wp-json\/wp\/v2\/tags?post=18627"}],"curies":[{"name":"wp","href":"https:\/\/api.w.org\/{rel}","templated":true}]}}