{"id":18623,"date":"2018-10-17T10:38:57","date_gmt":"2018-10-17T13:38:57","guid":{"rendered":"http:\/\/172.16.0.7\/site-antigo\/?p=18623"},"modified":"2024-10-08T09:17:40","modified_gmt":"2024-10-08T12:17:40","slug":"filme-medianeras-estreia-projeto-sobre-cinema-no-cine-teatro-fenix","status":"publish","type":"post","link":"http:\/\/www.apucarana.pr.gov.br\/site\/filme-medianeras-estreia-projeto-sobre-cinema-no-cine-teatro-fenix\/","title":{"rendered":"Filme \u201cMedianeras\u201d estreia projeto sobre cinema no Cine Teatro F\u00eanix"},"content":{"rendered":"<p>Neste s\u00e1bado (20\/10), a partir das 15h, a secretaria de Promo\u00e7\u00e3o Art\u00edstica, Cultural e Tur\u00edstica da Prefeitura de Apucarana promove uma sess\u00e3o gratuita de cinema com debate ao final. \u00c9 a estreia de um novo projeto: Cine F\u00eanix Cultural.<br \/>\nO filme escolhido \u00e9 \u201cMedianeras \u2013 Buenos Aires na Era do Amor Virtual\u201d, produ\u00e7\u00e3o argentina de 2011, sucesso de cr\u00edtica e de p\u00fablico, narrativa de dois jovens que, apesar de vizinhos, jamais se encontraram pessoalmente. Trata tamb\u00e9m da solid\u00e3o urbana de quem vive numa metr\u00f3pole de tr\u00eas milh\u00f5es de habitantes.<br \/>\nOs professores da Universidade Federal do Rio Grande do Sul Lauro Iglesias Quadrado, doutor em letras, e Paula Cristina Luersen, doutora em artes visuais, mediar\u00e3o um debate com a plateia depois da exibi\u00e7\u00e3o.<br \/>\nPara a secretaria de Cultura Maria Agar, o projeto pode contribuir, e muito, na forma\u00e7\u00e3o dos jovens. \u201cOs argumentos, t\u00e3o necess\u00e1rios nas reda\u00e7\u00f5es, nos concursos p\u00fablicos e vestibulares, podem ajudar muito nossos jovens. E \u00e9 isso que pretendemos fazer nesse projeto, com um filme de tem\u00e1tica atual, seguido de debate\u201d, destaca a secret\u00e1ria.<br \/>\n&nbsp;<\/p>\n","protected":false},"excerpt":{"rendered":"<p>Com debate mediado por professores da UFRGS, hist\u00f3ria \u00e9 sobre dois moradores de Buenos Aires que s\u00e3o vizinhos, mas se conhecem apenas virtualmente    <\/p>\n","protected":false},"author":4,"featured_media":18624,"comment_status":"closed","ping_status":"open","sticky":false,"template":"","format":"standard","meta":{"footnotes":""},"categories":[24],"tags":[],"class_list":["post-18623","post","type-post","status-publish","format-standard","has-post-thumbnail","hentry","category-noticias"],"acf":[],"_links":{"self":[{"href":"http:\/\/www.apucarana.pr.gov.br\/site\/wp-json\/wp\/v2\/posts\/18623","targetHints":{"allow":["GET"]}}],"collection":[{"href":"http:\/\/www.apucarana.pr.gov.br\/site\/wp-json\/wp\/v2\/posts"}],"about":[{"href":"http:\/\/www.apucarana.pr.gov.br\/site\/wp-json\/wp\/v2\/types\/post"}],"author":[{"embeddable":true,"href":"http:\/\/www.apucarana.pr.gov.br\/site\/wp-json\/wp\/v2\/users\/4"}],"replies":[{"embeddable":true,"href":"http:\/\/www.apucarana.pr.gov.br\/site\/wp-json\/wp\/v2\/comments?post=18623"}],"version-history":[{"count":1,"href":"http:\/\/www.apucarana.pr.gov.br\/site\/wp-json\/wp\/v2\/posts\/18623\/revisions"}],"predecessor-version":[{"id":101019,"href":"http:\/\/www.apucarana.pr.gov.br\/site\/wp-json\/wp\/v2\/posts\/18623\/revisions\/101019"}],"wp:featuredmedia":[{"embeddable":true,"href":"http:\/\/www.apucarana.pr.gov.br\/site\/wp-json\/"}],"wp:attachment":[{"href":"http:\/\/www.apucarana.pr.gov.br\/site\/wp-json\/wp\/v2\/media?parent=18623"}],"wp:term":[{"taxonomy":"category","embeddable":true,"href":"http:\/\/www.apucarana.pr.gov.br\/site\/wp-json\/wp\/v2\/categories?post=18623"},{"taxonomy":"post_tag","embeddable":true,"href":"http:\/\/www.apucarana.pr.gov.br\/site\/wp-json\/wp\/v2\/tags?post=18623"}],"curies":[{"name":"wp","href":"https:\/\/api.w.org\/{rel}","templated":true}]}}