{"id":18619,"date":"2018-10-16T16:23:12","date_gmt":"2018-10-16T19:23:12","guid":{"rendered":"http:\/\/172.16.0.7\/site-antigo\/?p=18619"},"modified":"2024-10-08T09:17:41","modified_gmt":"2024-10-08T12:17:41","slug":"tratamento-de-glaucoma-e-oferecido-na-rede-publica-2","status":"publish","type":"post","link":"http:\/\/www.apucarana.pr.gov.br\/site\/tratamento-de-glaucoma-e-oferecido-na-rede-publica-2\/","title":{"rendered":"Tratamento de glaucoma \u00e9 oferecido na rede p\u00fablica"},"content":{"rendered":"<p>A Autarquia Municipal de Sa\u00fade de Apucarana (AMS) est\u00e1 lan\u00e7ando uma nota de utilidade p\u00fablica aos pacientes diagnosticados com glaucoma. O objetivo \u00e9 refor\u00e7ar que a rede p\u00fablica municipal de sa\u00fade disponibiliza, atrav\u00e9s do Governo do Estado, os medicamentos necess\u00e1rios para tratamento da doen\u00e7a.<br \/>\n\u201cTemos observado que muitos pacientes n\u00e3o t\u00eam conhecimento de que os col\u00edrios para tratamento do glaucoma s\u00e3o fornecidos gratuitamente. Devido a essa desinforma\u00e7\u00e3o, mesmo sem condi\u00e7\u00f5es financeiras, eles est\u00e3o comprando o medicamento comprometendo a renda da fam\u00edlia\u201d, observa o diretor presidente da AMS, Roberto Kaneta.<br \/>\nA Autarquia de Sa\u00fade orienta que ap\u00f3s o diagn\u00f3stico do glaucoma atrav\u00e9s da rede p\u00fablica de sa\u00fade, os pacientes devem se dirigir a Unidade B\u00e1sica de Sa\u00fade (UBS) mais pr\u00f3xima de sua casa com os documentos fornecidos pelo oftalmologista. A UBS, por sua vez, far\u00e1 o encaminhamento para o servi\u00e7o especializado, ou seja, o ambulat\u00f3rio de glaucoma em Londrina.<br \/>\n\u201cO atendimento no ambulat\u00f3rio do Hospital Oftalon, em Londrina, ser\u00e1 agendado pela Autarquia Municipal de Sa\u00fade, que tamb\u00e9m se responsabiliza pelo transporte do paciente para este local. Ali ser\u00e1 fornecido o tratamento, no qual incluiu o fornecimento de toda medica\u00e7\u00e3o\u201d, informa Roberto Kaneta.<br \/>\nAl\u00e9m dos documentos comprovando o diagn\u00f3stico do glaucoma, os pacientes devem apresentar na UBS fotoc\u00f3pia do RG, CPF, cart\u00e3o do SUS e do comprovante de resid\u00eancia (luz ou \u00e1gua).<br \/>\n<strong>GLAUCOMA<\/strong><br \/>\nO glaucoma \u00e9 uma doen\u00e7a que atinge o nervo \u00f3ptico, respons\u00e1vel por carregar as informa\u00e7\u00f5es do olho para o c\u00e9rebro. Desconhecido pela maioria da popula\u00e7\u00e3o \u00e9 a maior causa de cegueira irrevers\u00edvel.<br \/>\nO glaucoma tem sintomas silenciosos e a preven\u00e7\u00e3o deve ser feitas com consulta regular ao oftalmologista, principalmente no caso de grupos de risco como pessoas com hist\u00f3rico familiar, com mais de 40 anos, m\u00edopes, diab\u00e9ticos, press\u00e3o ocular alta. afrodescendentes, hisp\u00e2nicos e asi\u00e1ticos.<\/p>\n","protected":false},"excerpt":{"rendered":"<p>Autarquia de Sa\u00fade lan\u00e7a nota de utilidade p\u00fablica refor\u00e7ando a disponibilidade do atendimento (Foto \u2013 Profeta)<\/p>\n","protected":false},"author":4,"featured_media":18620,"comment_status":"closed","ping_status":"open","sticky":false,"template":"","format":"standard","meta":{"footnotes":""},"categories":[24],"tags":[],"class_list":["post-18619","post","type-post","status-publish","format-standard","has-post-thumbnail","hentry","category-noticias"],"acf":[],"_links":{"self":[{"href":"http:\/\/www.apucarana.pr.gov.br\/site\/wp-json\/wp\/v2\/posts\/18619","targetHints":{"allow":["GET"]}}],"collection":[{"href":"http:\/\/www.apucarana.pr.gov.br\/site\/wp-json\/wp\/v2\/posts"}],"about":[{"href":"http:\/\/www.apucarana.pr.gov.br\/site\/wp-json\/wp\/v2\/types\/post"}],"author":[{"embeddable":true,"href":"http:\/\/www.apucarana.pr.gov.br\/site\/wp-json\/wp\/v2\/users\/4"}],"replies":[{"embeddable":true,"href":"http:\/\/www.apucarana.pr.gov.br\/site\/wp-json\/wp\/v2\/comments?post=18619"}],"version-history":[{"count":1,"href":"http:\/\/www.apucarana.pr.gov.br\/site\/wp-json\/wp\/v2\/posts\/18619\/revisions"}],"predecessor-version":[{"id":101020,"href":"http:\/\/www.apucarana.pr.gov.br\/site\/wp-json\/wp\/v2\/posts\/18619\/revisions\/101020"}],"wp:featuredmedia":[{"embeddable":true,"href":"http:\/\/www.apucarana.pr.gov.br\/site\/wp-json\/"}],"wp:attachment":[{"href":"http:\/\/www.apucarana.pr.gov.br\/site\/wp-json\/wp\/v2\/media?parent=18619"}],"wp:term":[{"taxonomy":"category","embeddable":true,"href":"http:\/\/www.apucarana.pr.gov.br\/site\/wp-json\/wp\/v2\/categories?post=18619"},{"taxonomy":"post_tag","embeddable":true,"href":"http:\/\/www.apucarana.pr.gov.br\/site\/wp-json\/wp\/v2\/tags?post=18619"}],"curies":[{"name":"wp","href":"https:\/\/api.w.org\/{rel}","templated":true}]}}