{"id":18407,"date":"2018-10-02T16:37:42","date_gmt":"2018-10-02T19:37:42","guid":{"rendered":"http:\/\/172.16.0.7\/site-antigo\/?p=18407"},"modified":"2024-10-08T09:17:43","modified_gmt":"2024-10-08T12:17:43","slug":"esporte-e-juventude-define-vencedores-do-futsal-para-menores","status":"publish","type":"post","link":"http:\/\/www.apucarana.pr.gov.br\/site\/esporte-e-juventude-define-vencedores-do-futsal-para-menores\/","title":{"rendered":"\u201cEsporte e Juventude\u201d define vencedores do futsal para menores"},"content":{"rendered":"<p>Apucarana conheceu nesta semana os campe\u00f5es do Campeonato Municipal de Futsal, nas categorias Sub 09, 11, 13 , 15 e 17, no masculino, e sub 13 e 15, no feminino. As finais da competi\u00e7\u00e3o, organizada pela Secretaria Municipal de Esportes e Juventude, aconteceram no gin\u00e1sio do Complexo Esportivo Jos\u00e9 Ant\u00f4nio Basso (Lago\u00e3o).<br \/>\nA import\u00e2ncia e dimens\u00e3o do campeonato, que incentiva a pr\u00e1tica esportiva e fomenta a revela\u00e7\u00e3o de talentos junto \u00e0s crian\u00e7as e adolescentes, foram enaltecidos pela secret\u00e1ria Jossuela Pinheiro. \u201cChegamos mais uma vez ao coroamento de todo um trabalho, um projeto de gest\u00e3o do nosso prefeito Beto Preto, que tem como foco o bem estar social atrav\u00e9s do resgate ao incentivo do esporte em nossa cidade\u201d, disse Jossuela durante a entrega de premia\u00e7\u00e3o.<br \/>\nForam quatro meses de competi\u00e7\u00e3o, com a reuni\u00e3o de 45 equipes (masculino e feminino) de diversos bairros de Apucarana. \u201cEntre atletas e t\u00e9cnicos envolvidos, foram 630 pessoas\u201d, disse a secret\u00e1ria. Segundo ela, al\u00e9m do Lago\u00e3o, o campeonato municipal teve partidas nas quadras do Col\u00e9gio Mater Dei e Col\u00e9gio Estadual Ant\u00f4nio dos Tr\u00eas Reis de Oliveira. Os campe\u00f5es receberam trof\u00e9u e medalhas, os segundos e terceiros colocados, medalhas. \u201cTamb\u00e9m premiados o artilheiro e o goleiro menos vazado com trof\u00e9u\u201d, concluiu Jossuela.<br \/>\nO resultado final das categorias ficou assim:<br \/>\nMASCULINO<br \/>\nSub 09 \u2013 1\u00ba Lords L2; 2\u00ba Mater Dei; 3\u00ba Escola Furac\u00e3o<br \/>\nSub 11 \u2013 1\u00ba Lords L2; 2\u00ba AN 10 Juiz Luiz; 3\u00ba Escola Furac\u00e3o<br \/>\nSub 13 \u2013 1\u00ba Plat\u00e3o; 2\u00ba Country Club Polivalente; 3\u00ba Comander<br \/>\nSub 15 &#8211; 1\u00ba Mater Dei; 2\u00ba Alexandria Store; 3\u00ba Projeto Vila Regina<br \/>\nSub 17 \u2013 1\u00ba Mater Dei; 2\u00ba Construtora Hirose; 3\u00ba Comander<br \/>\n&#8212;&#8212;&#8212;&#8212;&#8212;&#8212;<br \/>\nFEMININO<br \/>\nSub 13 \u2013 1\u00ba Mater Dei; 2\u00ba Polivalente; 3\u00ba Evolu\u00e7\u00e3o<br \/>\nSub 15 \u2013 1\u00ba Mater Dei; 2\u00ba Polivalente; 3\u00ba Cobra<\/p>\n","protected":false},"excerpt":{"rendered":"<p>A import\u00e2ncia e dimens\u00e3o do campeonato, que incentiva a pr\u00e1tica esportiva e fomenta a revela\u00e7\u00e3o de talentos junto \u00e0s crian\u00e7as e adolescentes, foram enaltecidos pela secret\u00e1ria Jossuela Pinheiro (Foto: Profeta)<\/p>\n","protected":false},"author":4,"featured_media":18413,"comment_status":"closed","ping_status":"open","sticky":false,"template":"","format":"standard","meta":{"footnotes":""},"categories":[24],"tags":[],"class_list":["post-18407","post","type-post","status-publish","format-standard","has-post-thumbnail","hentry","category-noticias"],"acf":[],"_links":{"self":[{"href":"http:\/\/www.apucarana.pr.gov.br\/site\/wp-json\/wp\/v2\/posts\/18407","targetHints":{"allow":["GET"]}}],"collection":[{"href":"http:\/\/www.apucarana.pr.gov.br\/site\/wp-json\/wp\/v2\/posts"}],"about":[{"href":"http:\/\/www.apucarana.pr.gov.br\/site\/wp-json\/wp\/v2\/types\/post"}],"author":[{"embeddable":true,"href":"http:\/\/www.apucarana.pr.gov.br\/site\/wp-json\/wp\/v2\/users\/4"}],"replies":[{"embeddable":true,"href":"http:\/\/www.apucarana.pr.gov.br\/site\/wp-json\/wp\/v2\/comments?post=18407"}],"version-history":[{"count":1,"href":"http:\/\/www.apucarana.pr.gov.br\/site\/wp-json\/wp\/v2\/posts\/18407\/revisions"}],"predecessor-version":[{"id":101045,"href":"http:\/\/www.apucarana.pr.gov.br\/site\/wp-json\/wp\/v2\/posts\/18407\/revisions\/101045"}],"wp:featuredmedia":[{"embeddable":true,"href":"http:\/\/www.apucarana.pr.gov.br\/site\/wp-json\/"}],"wp:attachment":[{"href":"http:\/\/www.apucarana.pr.gov.br\/site\/wp-json\/wp\/v2\/media?parent=18407"}],"wp:term":[{"taxonomy":"category","embeddable":true,"href":"http:\/\/www.apucarana.pr.gov.br\/site\/wp-json\/wp\/v2\/categories?post=18407"},{"taxonomy":"post_tag","embeddable":true,"href":"http:\/\/www.apucarana.pr.gov.br\/site\/wp-json\/wp\/v2\/tags?post=18407"}],"curies":[{"name":"wp","href":"https:\/\/api.w.org\/{rel}","templated":true}]}}