{"id":18399,"date":"2018-10-02T13:37:21","date_gmt":"2018-10-02T16:37:21","guid":{"rendered":"http:\/\/172.16.0.7\/site-antigo\/?p=18399"},"modified":"2024-10-08T09:17:43","modified_gmt":"2024-10-08T12:17:43","slug":"irma-procura-irmas-que-nao-ve-ha-70-anos","status":"publish","type":"post","link":"http:\/\/www.apucarana.pr.gov.br\/site\/irma-procura-irmas-que-nao-ve-ha-70-anos\/","title":{"rendered":"Irm\u00e3 procura irm\u00e3s que n\u00e3o v\u00ea h\u00e1 70 anos"},"content":{"rendered":"<p>Aten\u00e7\u00e3o Ana e Joana, filhas de Justino Mulato dos Santos e Josefa Rodrigues Oliveira, e irm\u00e3s de Judite Moraes (hoje com 87 anos), que moravam em Cambira h\u00e1 muitos anos.<br \/>\nJudite quer muito reencontr\u00e1-las. Ela conta que perdeu o contato com voc\u00eas quando tinha uns 15 anos, depois de ficar doente e ter que ir buscar tratamento de sa\u00fade fora do Paran\u00e1. Ela tem muitas saudades.<br \/>\nDona Judite Moraes mora hoje em Marab\u00e1 (PA) e est\u00e1 muito doente. Atrav\u00e9s de apelo nas redes sociais, ela pede ajuda da popula\u00e7\u00e3o de Apucarana e Cambira para localizar as irm\u00e3s Ana e Joana.<br \/>\nQuem tiver informa\u00e7\u00f5es pode entrar em contato com a filha da Dona Judite, Deodete de Moraes, que mora em S\u00e3o Paulo, pelos telefones (011) 96873-8801\/96253-2069.<br \/>\nVeja apelo atrav\u00e9s do v\u00eddeo abaixo: https:\/\/www.facebook.com\/Portalbrejinhodoismaelmanews\/videos\/1948664185427080\/<\/p>\n","protected":false},"excerpt":{"rendered":"<p>Aten\u00e7\u00e3o Ana e Joana, filhas de Justino Mulato dos Santos e Josefa Rodrigues Oliveira, e irm\u00e3s de Judite Moraes (Foto), hoje com 87 anos, que moravam em Cambira h\u00e1 muitos anos<\/p>\n","protected":false},"author":4,"featured_media":18404,"comment_status":"closed","ping_status":"open","sticky":false,"template":"","format":"standard","meta":{"footnotes":""},"categories":[24],"tags":[],"class_list":["post-18399","post","type-post","status-publish","format-standard","has-post-thumbnail","hentry","category-noticias"],"acf":[],"_links":{"self":[{"href":"http:\/\/www.apucarana.pr.gov.br\/site\/wp-json\/wp\/v2\/posts\/18399","targetHints":{"allow":["GET"]}}],"collection":[{"href":"http:\/\/www.apucarana.pr.gov.br\/site\/wp-json\/wp\/v2\/posts"}],"about":[{"href":"http:\/\/www.apucarana.pr.gov.br\/site\/wp-json\/wp\/v2\/types\/post"}],"author":[{"embeddable":true,"href":"http:\/\/www.apucarana.pr.gov.br\/site\/wp-json\/wp\/v2\/users\/4"}],"replies":[{"embeddable":true,"href":"http:\/\/www.apucarana.pr.gov.br\/site\/wp-json\/wp\/v2\/comments?post=18399"}],"version-history":[{"count":1,"href":"http:\/\/www.apucarana.pr.gov.br\/site\/wp-json\/wp\/v2\/posts\/18399\/revisions"}],"predecessor-version":[{"id":101046,"href":"http:\/\/www.apucarana.pr.gov.br\/site\/wp-json\/wp\/v2\/posts\/18399\/revisions\/101046"}],"wp:featuredmedia":[{"embeddable":true,"href":"http:\/\/www.apucarana.pr.gov.br\/site\/wp-json\/"}],"wp:attachment":[{"href":"http:\/\/www.apucarana.pr.gov.br\/site\/wp-json\/wp\/v2\/media?parent=18399"}],"wp:term":[{"taxonomy":"category","embeddable":true,"href":"http:\/\/www.apucarana.pr.gov.br\/site\/wp-json\/wp\/v2\/categories?post=18399"},{"taxonomy":"post_tag","embeddable":true,"href":"http:\/\/www.apucarana.pr.gov.br\/site\/wp-json\/wp\/v2\/tags?post=18399"}],"curies":[{"name":"wp","href":"https:\/\/api.w.org\/{rel}","templated":true}]}}