{"id":18391,"date":"2018-10-02T11:01:16","date_gmt":"2018-10-02T14:01:16","guid":{"rendered":"http:\/\/172.16.0.7\/site-antigo\/?p=18391"},"modified":"2024-10-08T09:17:43","modified_gmt":"2024-10-08T12:17:43","slug":"criancas-e-mulheres-doam-cabelo-para-pacientes-em-tratamento-contra-o-cancer","status":"publish","type":"post","link":"http:\/\/www.apucarana.pr.gov.br\/site\/criancas-e-mulheres-doam-cabelo-para-pacientes-em-tratamento-contra-o-cancer\/","title":{"rendered":"Crian\u00e7as e mulheres doam cabelo para pacientes em tratamento contra o c\u00e2ncer"},"content":{"rendered":"<p>Na abertura do m\u00eas de outubro, per\u00edodo dedicado \u00e0 conscientiza\u00e7\u00e3o sobre o c\u00e2ncer de mama e de colo de \u00fatero, o Centro Municipal de Educa\u00e7\u00e3o Infantil (Cmei) Maria dos Santos Gravena promoveu uma relevante a\u00e7\u00e3o solid\u00e1ria. Durante a tarde de ontem (1\/10), 50 mulheres e crian\u00e7as compareceram \u00e0 institui\u00e7\u00e3o de ensino a fim de doar os pr\u00f3prios cabelos para a confec\u00e7\u00e3o de perucas destinadas ao Centro de Oncologia do Hospital da Provid\u00eancia.<br \/>\nA atividade faz parte do projeto \u201csa\u00fade, bem-estar e igualdade para todos\u201d. \u201cNa forma\u00e7\u00e3o continuada que tivemos no in\u00edcio do ano, a Autarquia Municipal de Educa\u00e7\u00e3o nos orientou a criar a\u00e7\u00f5es que estivessem dentro dos Objetivos de Desenvolvimento Sustent\u00e1vel. Procurando algo alinhado a essa proposta e que tamb\u00e9m incentivasse os alunos a se importar mais com o pr\u00f3ximo, surgiu a ideia da doa\u00e7\u00e3o de cabelos para pessoas em tratamento contra o c\u00e2ncer,\u201d explica a diretora do Cmei Maria Gravena, Tatiane Chinelli.<br \/>\nO terceiro Objetivo de Desenvolvimento Sustent\u00e1vel, da Organiza\u00e7\u00e3o das Na\u00e7\u00f5es Unidas, embasou o projeto. Ele prop\u00f5e assegurar uma vida saud\u00e1vel e promover o bem-estar para todos, em todas as idades.<br \/>\nAntes da realiza\u00e7\u00e3o do ato concreto de ontem, um longo processo de conscientiza\u00e7\u00e3o foi feito com as fam\u00edlias do Jardim Ponta Grossa. \u201cH\u00e1 aproximadamente dois meses n\u00f3s estamos conversando com os alunos e pais, falando sobre essa doen\u00e7a e como ela afeta a autoestima dos pacientes. Das cinquenta doa\u00e7\u00f5es obtidas, dez foram feitas por crian\u00e7as, mediante a autoriza\u00e7\u00e3o dos respons\u00e1veis,\u201d acrescenta.<br \/>\nDaiane Carmargo de Godoi e a filha Isabela Godoi Silva (4 anos) realizaram o corte na tarde de ontem. \u201cEu conhe\u00e7o muitas pessoas que enfrentaram o c\u00e2ncer e vi o sofrimento por que elas passaram. Eu j\u00e1 doei o meu cabelo uma vez e resolvi fazer novamente. Eu ainda mostrei um v\u00eddeo sobre isso para a minha filha e ela tamb\u00e9m ficou animada para ajudar,\u201d esclarece a m\u00e3e.<br \/>\nO Centro de Oncologia do Hospital da Provid\u00eancia mant\u00e9m um banco de perucas em parceria com a Associa\u00e7\u00e3o das Senhoras Rotarianas de Jandaia do Sul. \u201cQuando uma mulher passa pelo tratamento quimioter\u00e1pico, pode acontecer dela perder os cabelos. Isso prejudica a autoestima, a motiva\u00e7\u00e3o e a socializa\u00e7\u00e3o, que s\u00e3o quest\u00f5es emocionais importantes durante o processo curativo. Se uma paciente assim desejar, ela pode nos procurar e escolher a pe\u00e7a que melhor se adapta ao seu estilo. Por serem feitas de cabelos naturais, as perucas tamb\u00e9m podem passar por processos qu\u00edmicos e cortes,\u201d detalha a psic\u00f3loga da institui\u00e7\u00e3o, Renata Rivelini Ribeiro.<br \/>\nClique e ou\u00e7a esta mat\u00e9ria<br \/>\nTatiane Chinelli- diretora CMEI Maria Gravena<br \/>\nhttps:\/\/soundcloud.com\/prefeitura-municipal-apucarana\/tatianechinelli-doacao-cabelo-cmei-01-10-18<br \/>\nDaiane Cristina Martins- m\u00e3e de aluna<br \/>\nhttps:\/\/soundcloud.com\/prefeitura-municipal-apucarana\/daiane-cristina-martins-doacao-cabelo-cmei-01-10-18<br \/>\nDaiane Camargo- m\u00e3e de aluna<br \/>\nhttps:\/\/soundcloud.com\/prefeitura-municipal-apucarana\/daiane-camargo-godoi-doacao-cabelo-cmei-01-10-18<br \/>\nRenata Riveline Ribeiro- psic\u00f3loga Centro Oncologia Hospital da Provid\u00eancia<br \/>\nhttps:\/\/soundcloud.com\/prefeitura-municipal-apucarana\/renata-riveline-ribeiro-doacao-cabelo-cmei-01-10-18<\/p>\n","protected":false},"excerpt":{"rendered":"<p>A a\u00e7\u00e3o foi promovida pelo Cmei Maria dos Santos Gravena em parceria com o Centro de Oncologia do Hospital da Provid\u00eancia e resultou em cinquenta doa\u00e7\u00f5es (Fotos: Profeta)<\/p>\n","protected":false},"author":4,"featured_media":18397,"comment_status":"closed","ping_status":"open","sticky":false,"template":"","format":"standard","meta":{"footnotes":""},"categories":[24],"tags":[126,154,155,151,53,156,157],"class_list":["post-18391","post","type-post","status-publish","format-standard","has-post-thumbnail","hentry","category-noticias","tag-apucarana","tag-cancer-de-colo-de-utero","tag-cancer-de-mama","tag-conscientizacao","tag-educacao","tag-outubro-rosa","tag-solidariedade"],"acf":[],"_links":{"self":[{"href":"http:\/\/www.apucarana.pr.gov.br\/site\/wp-json\/wp\/v2\/posts\/18391","targetHints":{"allow":["GET"]}}],"collection":[{"href":"http:\/\/www.apucarana.pr.gov.br\/site\/wp-json\/wp\/v2\/posts"}],"about":[{"href":"http:\/\/www.apucarana.pr.gov.br\/site\/wp-json\/wp\/v2\/types\/post"}],"author":[{"embeddable":true,"href":"http:\/\/www.apucarana.pr.gov.br\/site\/wp-json\/wp\/v2\/users\/4"}],"replies":[{"embeddable":true,"href":"http:\/\/www.apucarana.pr.gov.br\/site\/wp-json\/wp\/v2\/comments?post=18391"}],"version-history":[{"count":1,"href":"http:\/\/www.apucarana.pr.gov.br\/site\/wp-json\/wp\/v2\/posts\/18391\/revisions"}],"predecessor-version":[{"id":101047,"href":"http:\/\/www.apucarana.pr.gov.br\/site\/wp-json\/wp\/v2\/posts\/18391\/revisions\/101047"}],"wp:featuredmedia":[{"embeddable":true,"href":"http:\/\/www.apucarana.pr.gov.br\/site\/wp-json\/"}],"wp:attachment":[{"href":"http:\/\/www.apucarana.pr.gov.br\/site\/wp-json\/wp\/v2\/media?parent=18391"}],"wp:term":[{"taxonomy":"category","embeddable":true,"href":"http:\/\/www.apucarana.pr.gov.br\/site\/wp-json\/wp\/v2\/categories?post=18391"},{"taxonomy":"post_tag","embeddable":true,"href":"http:\/\/www.apucarana.pr.gov.br\/site\/wp-json\/wp\/v2\/tags?post=18391"}],"curies":[{"name":"wp","href":"https:\/\/api.w.org\/{rel}","templated":true}]}}