{"id":18344,"date":"2018-10-01T14:33:05","date_gmt":"2018-10-01T17:33:05","guid":{"rendered":"http:\/\/172.16.0.7\/site-antigo\/?p=18344"},"modified":"2024-10-08T09:17:43","modified_gmt":"2024-10-08T12:17:43","slug":"alunos-dao-show-em-apresentacao-musical","status":"publish","type":"post","link":"http:\/\/www.apucarana.pr.gov.br\/site\/alunos-dao-show-em-apresentacao-musical\/","title":{"rendered":"Alunos d\u00e3o show em apresenta\u00e7\u00e3o musical"},"content":{"rendered":"<p>Cerca de 480 alunos das escolas municipais de Apucarana realizaram uma bel\u00edssima apresenta\u00e7\u00e3o musical no \u00faltimo s\u00e1bado (29) no Cine Teatro F\u00eanix. Exibida em duas sess\u00f5es, a pe\u00e7a Arca de No\u00e9 abordou a hist\u00f3ria b\u00edblica que narra a inunda\u00e7\u00e3o da terra ap\u00f3s a subvers\u00e3o da humanidade.<br \/>\nA secret\u00e1ria municipal de educa\u00e7\u00e3o, Marli Fernandes, explica que mostras de dan\u00e7a, m\u00fasica e artes marciais s\u00e3o organizadas todos os anos. \u201cO objetivo \u00e9 permitir que os pais e m\u00e3es possam apreciar um pouco daquilo que seus filhos aprendem nas oficinas previstas dentro do curr\u00edculo da educa\u00e7\u00e3o integral.\u201d<br \/>\nO prefeito em exerc\u00edcio J\u00fanior da Femac se emocionou com a desenvoltura das crian\u00e7as. \u201c\u00c9 m\u00e1gico vermos como elas tem afina\u00e7\u00e3o, ritmo e senso de trabalho em equipe. A Autarquia Municipal de Educa\u00e7\u00e3o e a Academia Sebastian Bach est\u00e3o realizando um trabalho maravilhoso, dentro do esp\u00edrito que o prefeito Beto Preto sempre pede que \u00e9 desenvolver todo o potencial dos nossos alunos.\u201d<br \/>\n\u201cEu j\u00e1 conhecia um pouco da hist\u00f3ria da Arca de No\u00e9, mas aprendi mais durante os ensaios. Eu senti uma emo\u00e7\u00e3o indescrit\u00edvel ao cantar e interpretar o personagem do sapinho do pau de chuva,\u201d revelou o aluno Jo\u00e3o Pedro Franco, da Escola Municipal Vida Nova (Caic).<br \/>\nJosilene do Carmo da Silva \u00e9 m\u00e3e do aluno Rian Francisco Silva, que est\u00e1 no 5\u00ba ano da Escola Professor Alcides Ramos. Ela afirma que sentir\u00e1 saudades das apresenta\u00e7\u00f5es a partir do momento que seu filho concluir os estudos na rede municipal. \u201c\u00c9 uma felicidade acompanhar o que os professores est\u00e3o ensinando \u00e0s crian\u00e7as. O meu menino sempre estudou na rede p\u00fablica e eu gostei muito da educa\u00e7\u00e3o que ele recebeu at\u00e9 aqui.\u201d<br \/>\nClique e ou\u00e7a esta mat\u00e9ria<br \/>\nJ\u00fanior da Femac- prefeito em exerc\u00edcio<br \/>\nhttps:\/\/soundcloud.com\/prefeitura-municipal-apucarana\/junior-da-femac-musicalizacao-escolas-01-10-18<br \/>\nJosilene do Carmo Silva- m\u00e3e de estudante<br \/>\nhttps:\/\/soundcloud.com\/prefeitura-municipal-apucarana\/josilene-do-carm-silva-musicalizacao-escolas-01-10-18<br \/>\nVanderlei Ferreira Ribeiro- pai de estudante<br \/>\nhttps:\/\/soundcloud.com\/prefeitura-municipal-apucarana\/vanderlei-ferreira-ribeiro-musicalizacao-escolas-01-10-18<br \/>\nJo\u00e3o Pedro Franco- estudante Rede Municipal de Educa\u00e7\u00e3o<br \/>\nhttps:\/\/soundcloud.com\/prefeitura-municipal-apucarana\/joao-pedro-franco-musicalizacao-escolas-01-10-18<\/p>\n","protected":false},"excerpt":{"rendered":"<p>O espet\u00e1culo Arca de No\u00e9 foi exibido em duas sess\u00f5es no Cine Teatro F\u00eanix (Fotos: Profeta)<\/p>\n","protected":false},"author":4,"featured_media":18347,"comment_status":"closed","ping_status":"open","sticky":false,"template":"","format":"standard","meta":{"footnotes":""},"categories":[24],"tags":[153,126,56,92],"class_list":["post-18344","post","type-post","status-publish","format-standard","has-post-thumbnail","hentry","category-noticias","tag-apresentacao-musical","tag-apucarana","tag-educacao-integral","tag-escolas-municipais"],"acf":[],"_links":{"self":[{"href":"http:\/\/www.apucarana.pr.gov.br\/site\/wp-json\/wp\/v2\/posts\/18344","targetHints":{"allow":["GET"]}}],"collection":[{"href":"http:\/\/www.apucarana.pr.gov.br\/site\/wp-json\/wp\/v2\/posts"}],"about":[{"href":"http:\/\/www.apucarana.pr.gov.br\/site\/wp-json\/wp\/v2\/types\/post"}],"author":[{"embeddable":true,"href":"http:\/\/www.apucarana.pr.gov.br\/site\/wp-json\/wp\/v2\/users\/4"}],"replies":[{"embeddable":true,"href":"http:\/\/www.apucarana.pr.gov.br\/site\/wp-json\/wp\/v2\/comments?post=18344"}],"version-history":[{"count":1,"href":"http:\/\/www.apucarana.pr.gov.br\/site\/wp-json\/wp\/v2\/posts\/18344\/revisions"}],"predecessor-version":[{"id":101049,"href":"http:\/\/www.apucarana.pr.gov.br\/site\/wp-json\/wp\/v2\/posts\/18344\/revisions\/101049"}],"wp:featuredmedia":[{"embeddable":true,"href":"http:\/\/www.apucarana.pr.gov.br\/site\/wp-json\/"}],"wp:attachment":[{"href":"http:\/\/www.apucarana.pr.gov.br\/site\/wp-json\/wp\/v2\/media?parent=18344"}],"wp:term":[{"taxonomy":"category","embeddable":true,"href":"http:\/\/www.apucarana.pr.gov.br\/site\/wp-json\/wp\/v2\/categories?post=18344"},{"taxonomy":"post_tag","embeddable":true,"href":"http:\/\/www.apucarana.pr.gov.br\/site\/wp-json\/wp\/v2\/tags?post=18344"}],"curies":[{"name":"wp","href":"https:\/\/api.w.org\/{rel}","templated":true}]}}